{"id":196214,"date":"2026-08-13T06:00:00","date_gmt":"2026-08-13T04:00:00","guid":{"rendered":"https:\/\/bizkeliza.org\/?p=196214"},"modified":"2026-08-14T07:34:11","modified_gmt":"2026-08-14T05:34:11","slug":"andra-mariaganako-debozinozko-asteburua-bizkaian","status":"publish","type":"post","link":"https:\/\/bizkeliza.org\/eu\/noticia\/andra-mariaganako-debozinozko-asteburua-bizkaian\/","title":{"rendered":"Andra Mariaganako debozinozko asteburua Bizkaian"},"content":{"rendered":"\n<p class=\"wp-block-paragraph\">Bizkaia preparada para vivir este fin de semana dos citas significativas del calendario mariano, con el protagonismo de la patrona: la Virgen de Bego\u00f1a. <\/p>\n\n<p class=\"wp-block-paragraph\">La primera de las dos grandes jornadas tendr\u00e1 lugar ma\u00f1ana, <strong>14 de agosto<\/strong>, con la sexta edici\u00f3n de la Procesi\u00f3n N\u00e1utica de la Amatxu de Bego\u00f1a Peregrina. Este acto est\u00e1 organizado por la Cofrad\u00eda de Bego\u00f1a.<\/p>\n\n<p class=\"wp-block-paragraph\">La segunda cita ser\u00e1 el s\u00e1bado,15 de agosto, con misas desde las 4:00 de la ma\u00f1ana en la bas\u00edlica de Bego\u00f1a. <\/p>\n\n<p class=\"wp-block-paragraph\"><p><strong>Abuztuaren 15ean, eguerdiko 12:00etan ospatuko dan Meza Nagusia z<\/strong>uzenean emongo da web orrialde honen bidez. Eleizkizunaren amaieran, <strong>Beti Jai Alai<\/strong> taldeak ezpatadantza eskainiko deutso Amatxuri.<\/p><\/p>\n\n<p class=\"wp-block-paragraph\">La eucarist\u00eda contar\u00e1 con la presencia de representantes de las principales instituciones de Bizkaia. Est\u00e1 prevista la asistencia del alcalde de Bilbao, <strong>Juan Mar\u00eda Aburto<\/strong>, de la presidenta de las Juntas Generales de Bizkaia, <strong>Ana Otaduy<\/strong>. Tambi\u00e9n asistir\u00e1 la diputada general de Bizkaia, <strong>Elixabete Etxanobe<\/strong>, que se suma este a\u00f1o a la celebraci\u00f3n.<\/p>\n\n<h3 id=\"h-vi-procesion-nautica-con-la-amatxu-peregrina\" class=\"wp-block-heading\">VI Procesi\u00f3n N\u00e1utica con la Amatxu peregrina<\/h3>\n\n<p class=\"wp-block-paragraph\">La iniciativa contar\u00e1 este a\u00f1o con <strong>siete embarcaciones oficiales<\/strong>, dos m\u00e1s que en la edici\u00f3n de 2025. Adem\u00e1s, permitir\u00e1 que unas <strong>350 personas<\/strong> acompa\u00f1en, ma\u00f1ana por la tarde, a la imagen de la Virgen durante su recorrido desde Santurtzi hasta Bilbao. Las plazas se han vuelto a agotar semanas antes de la celebraci\u00f3n. Es el tercer a\u00f1o consecutivo que ocurre esto.<\/p>\n\n<blockquote class=\"twitter-tweet\"><p lang=\"es\" dir=\"ltr\">Aurton abuztuaren 14 eta 15ean batutako dirua Venezuelara bideratuko da <a href=\"https:\/\/x.com\/caritas_bizkaia?ref_src=twsrc%5Etfw\">@caritas_bizkaia<\/a> <br\/><br\/>El dinero recaudado el 14 y el 15 de agosto se destinar\u00e1 a las personas damnificadas en el terremoto de Venezuela a trav\u00e9s de <a href=\"https:\/\/x.com\/caritas_bizkaia?ref_src=twsrc%5Etfw\">@caritas_bizkaia<\/a> <a href=\"https:\/\/t.co\/XaaKUcZgiE\">pic.twitter.com\/XaaKUcZgiE<\/a><\/p>\u2014 @DiocesisBilbao (@DiocesisBilbao) <a href=\"https:\/\/x.com\/DiocesisBilbao\/status\/2085303803763404905?ref_src=twsrc%5Etfw\">August 6, 2026<\/a><\/blockquote> <script async=\"\" src=\"https:\/\/platform.x.com\/widgets.js\" charset=\"utf-8\"><\/script>\n\n<p class=\"wp-block-paragraph\">Los actos comenzar\u00e1n a las <strong>16:30 horas<\/strong>, con la presentaci\u00f3n de la Virgen en la parroquia de San Jorge de Santurtzi. A las <strong>17:00 <\/strong>horas tendr\u00e1 lugar un homenaje a la Virgen del Carmen, que incluir\u00e1 un aurresku de honor. A continuaci\u00f3n, a las <strong>17:15<\/strong> horas, la comitiva se dirigir\u00e1 en procesi\u00f3n hasta el puerto.<\/p>\n\n<p class=\"wp-block-paragraph\"><p>Santurtziko Udalak itzitako itsasontzian joango da Ama Birjina. Itsasonti hau <strong>S.A.L.V.E.<\/strong> hitza osotzen daben itsas seinaleen nazinoarteko kodearen banderakaz apainduta dago.eta <strong>18:00etan<\/strong> abiatuko da.<\/p><\/p>\n\n<p class=\"wp-block-paragraph\">Uno de los momentos m\u00e1s significativos de la traves\u00eda tendr\u00e1 lugar hacia las <strong>19:30 horas<\/strong>, bajo el Puente de La Salve. All\u00ed, el tenor <strong>Mart\u00edn Barcelona<\/strong> interpretar\u00e1 el <em>Salve Regina<\/em> y el <em>Bego\u00f1ako Andra Mari<\/em>. Adem\u00e1s, estar\u00e1 acompa\u00f1ado por las voces de las personas que participen en la procesi\u00f3n desde las embarcaciones y desde las orillas de la r\u00eda.<\/p>\n\n<blockquote class=\"twitter-tweet\"><p lang=\"eu\" dir=\"ltr\">Bego\u00f1ako Andra Mari Bizkaiko zaindari <a href=\"https:\/\/t.co\/OvF8LDhm1m\">pic.twitter.com\/OvF8LDhm1m<\/a><\/p>\u2014 @DiocesisBilbao (@DiocesisBilbao) <a href=\"https:\/\/x.com\/DiocesisBilbao\/status\/2085302816302620829?ref_src=twsrc%5Etfw\">August 6, 2026<\/a><\/blockquote> <script async=\"\" src=\"https:\/\/platform.x.com\/widgets.js\" charset=\"utf-8\"><\/script>\n\n<p class=\"wp-block-paragraph\">La flota llegar\u00e1 a las <strong>19:45 horas<\/strong> al pantal\u00e1n del Ayuntamiento de Bilbao. Desde all\u00ed, a las 20:00 horas, la imagen continuar\u00e1 su recorrido hasta la <strong>Plazuela de Santiago<\/strong>, ante la Catedral de Santiago. Ir\u00e1 acompa\u00f1ada por los grupos corales <strong>Bilbotarrak<\/strong> y <strong>Coro Indautxu<\/strong>.<\/p>\n\n<h3 id=\"h-novedades\" class=\"wp-block-heading\">Novedades<\/h3>\n\n<p class=\"wp-block-paragraph\"><p><strong>Bilboko suhiltzaileak<\/strong> eta<strong> DYA<\/strong> arduratuko dira segurtasunaz. Arraunlari beteranoak be Ama Birjinaren prozesinoan izango dira.<\/p><\/p>\n\n<p class=\"wp-block-paragraph\">La procesi\u00f3n estar\u00e1 presidida este a\u00f1o por <strong>Fernando Marcos, Vicario Territorial de Bilbao y Consiliario de las Cofrad\u00edas y Hermandades de Bizkaia<\/strong>.<\/p>\n\n<p class=\"wp-block-paragraph\">La Procesi\u00f3n N\u00e1utica mantiene, adem\u00e1s, una especial dimensi\u00f3n de cercan\u00eda. La iniciativa permite acercar la imagen de la Amatxu a las personas que, especialmente por su edad, tienen dificultades para desplazarse hasta el Santuario de Bego\u00f1a. Otra novedad, es que el dinero recaudado se destinar\u00e1 a las personas damnificadas por el terremoto de Venezuela.<\/p>\n\n<figure class=\"wp-block-embed is-type-wp-embed is-provider-bilboko-elizbarrutia-di-cesis-de-bilbao wp-block-embed-bilboko-elizbarrutia-di-cesis-de-bilbao\"><div class=\"wp-block-embed__wrapper\">\n<blockquote class=\"wp-embedded-content\" data-secret=\"UHtJ4d4BxX\"><a href=\"https:\/\/bizkeliza.org\/noticia\/la-amatxu-de-begona-une-tradicion-y-solidaridad-con-venezuela\/\">La Amatxu de Bego\u00f1a une tradici\u00f3n y solidaridad con Venezuela<\/a><\/blockquote><iframe loading=\"lazy\" class=\"wp-embedded-content\" sandbox=\"allow-scripts\" security=\"restricted\" style=\"position: absolute; visibility: hidden;\" title=\"\u201cLa Amatxu de Bego\u00f1a une tradici\u00f3n y solidaridad con Venezuela\u201d \u2014 Bilboko Elizbarrutia - Di\u00f3cesis de Bilbao\" src=\"https:\/\/bizkeliza.org\/noticia\/la-amatxu-de-begona-une-tradicion-y-solidaridad-con-venezuela\/embed\/#?secret=mhBK40ETJD#?secret=UHtJ4d4BxX\" data-secret=\"UHtJ4d4BxX\" width=\"600\" height=\"338\" frameborder=\"0\" marginwidth=\"0\" marginheight=\"0\" scrolling=\"no\"><\/iframe>\n<\/div><\/figure>\n\n<h3 id=\"h-solemnidad-de-la-asuncion\" class=\"wp-block-heading\">Solemnidad de la Asunci\u00f3n<\/h3>\n\n<p class=\"wp-block-paragraph\">La celebraci\u00f3n mariana continuar\u00e1 el s\u00e1bado 15 de agosto, <strong>festividad de la Asunci\u00f3n de la Virgen Mar\u00eda<\/strong>. La jornada estar\u00e1 marcada por la afluencia de peregrinos que llegar\u00e1n caminando hasta Bego\u00f1a desde diferentes localidades de Bizkaia.<\/p>\n\n<figure class=\"wp-block-embed is-type-wp-embed is-provider-bilboko-elizbarrutia-di-cesis-de-bilbao wp-block-embed-bilboko-elizbarrutia-di-cesis-de-bilbao\"><div class=\"wp-block-embed__wrapper\">\n<blockquote class=\"wp-embedded-content\" data-secret=\"KWVFx5zOXo\"><a href=\"https:\/\/bizkeliza.org\/noticia\/hoy-comienza-la-novena-a-la-virgen-en-las-parroquias-de-bizkaia\/\">Comienzan las novenas a la Virgen en algunas parroquias de Bizkaia<\/a><\/blockquote><iframe loading=\"lazy\" class=\"wp-embedded-content\" sandbox=\"allow-scripts\" security=\"restricted\" style=\"position: absolute; visibility: hidden;\" title=\"\u201cComienzan las novenas a la Virgen en algunas parroquias de Bizkaia\u201d \u2014 Bilboko Elizbarrutia - Di\u00f3cesis de Bilbao\" src=\"https:\/\/bizkeliza.org\/noticia\/hoy-comienza-la-novena-a-la-virgen-en-las-parroquias-de-bizkaia\/embed\/#?secret=0ZfvpbYfX6#?secret=KWVFx5zOXo\" data-secret=\"KWVFx5zOXo\" width=\"600\" height=\"338\" frameborder=\"0\" marginwidth=\"0\" marginheight=\"0\" scrolling=\"no\"><\/iframe>\n<\/div><\/figure>\n\n<p class=\"wp-block-paragraph\"><p>Bezperan -abuztuaren 14a, barikua-, mezak ospatuko dira <strong>18:00<\/strong> eta <strong>19:00etan.<\/strong> Zapatuz, goizaldeko <strong>04:00etan<\/strong> ospatuko da lehenengo eukaristia eta orduoro izango dira mezak 13:00a arte. Arrtsaldez, 17:00etatik 21:00etara ospatuko dira orduoro.<\/p><\/p>\n\n<p class=\"wp-block-paragraph\">Como ya sucediera el pasado a\u00f1o, despu\u00e9s de la eucarist\u00eda de las <strong>08:00 horas<\/strong>, el p\u00e1rroco de la Bas\u00edlica, <strong>Ignacio Fern\u00e1ndez<\/strong>, presidir\u00e1 el <strong>Rosario de la Aurora<\/strong> dedicado a la Amatxu de Bego\u00f1a. Esta es una iniciativa promovida por la Cofrad\u00eda de Bego\u00f1a que busca recuperar una tradici\u00f3n presente tambi\u00e9n en otros santuarios marianos.<\/p>\n\n<h3 id=\"h-misa-mayor-y-homenaje-institucional\" class=\"wp-block-heading\">Meza Nagusia eta erakunde-omenaldia<\/h3>\n\n<p class=\"wp-block-paragraph\">A las <strong>11:30 horas<\/strong> est\u00e1 prevista la llegada de la comitiva institucional a la Bas\u00edlica. El alcalde acudir\u00e1 con algunos miembros de la corporaci\u00f3n y se sumar\u00e1 al acto la presidenta de las Juntas Generales, <strong>Ana Otadui<\/strong>. Est\u00e1 prevista tambi\u00e9n la presencia de la Diputada General de Bizkaia, <strong>Elixabete Etxanobe.<\/strong> El obispo de Bilbao, <strong>Joseba Segura<\/strong>, les recibir\u00e1 en la sacrist\u00eda del templo, como en otras ocasiones. Esto ocurrir\u00e1 antes de comenzar la Misa Mayor, a las 12:00 h. <\/p>\n\n<p class=\"wp-block-paragraph\">La celebraci\u00f3n ser\u00e1 retransmitida en directo a trav\u00e9s de esta p\u00e1gina web. As\u00ed se facilita que quienes no puedan acudir presencialmente puedan seguir uno de los momentos centrales de la jornada.<\/p>\n\n<h3 id=\"h-aurresku\" class=\"wp-block-heading\">Aurresku<\/h3>\n\n<p class=\"wp-block-paragraph\">Tras la eucarist\u00eda, el grupo <strong>Beti Jai Alai<\/strong> bailar\u00e1 la <strong>ezpatadantza<\/strong> ante la imagen de la Virgen. Posteriormente, la banda municipal de txistularis interpretar\u00e1 el <em>Gernikako Arbola<\/em> ante el reto\u00f1o del \u00c1rbol de Gernika. El alcalde de Bilbao, <strong>Juan Mar\u00eda Aburto,<\/strong> realizar\u00e1 el tradicional <strong>Aurresku de Honor<\/strong>, el \u00faltimo como alcalde de la capital.<\/p>\n\n<p class=\"wp-block-paragraph\">La jornada volver\u00e1 a reunir en Bego\u00f1a a numerosos fieles y peregrinos que acudir\u00e1n caminando desde distintos puntos de Bizkaia. Es un d\u00eda para celebrar junto a la Amatxu la solemnidad de la Asunci\u00f3n.<\/p>\n\n<h2 id=\"h-horario-de-celebraciones-14-y-15-de-agosto\" class=\"wp-block-heading\">Ospakizunen ordutegia &#8211; Abuztuak 14 eta 15<\/h2>\n\n<p class=\"wp-block-paragraph\"><p><strong>Abuztuak 14, barikua<\/strong><\/p><\/p>\n\n<ul class=\"wp-block-list\">\n<li><p><strong>18:00:<\/strong> Jasokundearen bezperako meza.<\/p><\/li>\n\n\n\n<li><p><strong>19:00:<\/strong> Jasokundearen bezperako meza.<\/p><\/li>\n<\/ul>\n\n<p class=\"wp-block-paragraph\"><p><strong>Abuztuak 15, zapatua<\/strong><\/p><\/p>\n\n<ul class=\"wp-block-list\">\n<li><p><strong>04:00:<\/strong> Eguneko lehenengo meza.<\/p><\/li>\n\n\n\n<li><p><strong>05:00-07:00:<\/strong> Mezak orduoro.<\/p><\/li>\n\n\n\n<li><p><strong>08:00:<\/strong> Eukaristia eta ondoren Egunsentiko Arrosarioa.<\/p><\/li>\n\n\n\n<li><p><strong>09:00-11:00:<\/strong> Mezak orduoro.<\/p><\/li>\n\n\n\n<li><p><strong>12:00:<\/strong> Meza Nagusia On Joseba Segura Bilboko gotzaina buru dala. Zuzenean web hontan. Amaieran, Beti Jai Alairen ezpatadantza.<\/p><\/li>\n\n\n\n<li><p><strong>13:00:<\/strong> Goizeko azken meza.<\/p><\/li>\n\n\n\n<li><p><strong>17:00-20:00:<\/strong> Mezak orduoro.<\/p><\/li>\n\n\n\n<li><p><strong>21:00:<\/strong> Eguneko azken meza.<\/p><\/li>\n<\/ul>\n","protected":false},"excerpt":{"rendered":"<p>Bizkaia preparada para vivir este fin de semana dos citas significativas del calendario mariano, con el protagonismo de la patrona: la Virgen de Bego\u00f1a. La primera de las dos grandes jornadas tendr\u00e1 lugar ma\u00f1ana, 14 de agosto, con la sexta edici\u00f3n de la Procesi\u00f3n N\u00e1utica de la Amatxu de Bego\u00f1a Peregrina. Este acto est\u00e1 organizado [&hellip;]<\/p>\n","protected":false},"author":19,"featured_media":22578,"comment_status":"closed","ping_status":"closed","sticky":false,"template":"","format":"standard","meta":{"_acf_changed":false,"_et_pb_use_builder":"off","_et_pb_old_content":"","_et_gb_content_width":"","footnotes":""},"categories":[506],"tags":[517,534,560],"class_list":["post-196214","post","type-post","status-publish","format-standard","has-post-thumbnail","hentry","category-lehenengo-orrialdea","tag-amatxu-eu","tag-begona-eu","tag-kofradiak"],"acf":[],"yoast_head":"<!-- This site is optimized with the Yoast SEO Premium plugin v28.1 (Yoast SEO v28.1) - https:\/\/yoast.com\/product\/yoast-seo-premium-wordpress\/ -->\n<title>Andra Mariaganako debozinozko asteburua Bizkaian - Bilboko Elizbarrutia - Di\u00f3cesis de Bilbao<\/title>\n<meta name=\"robots\" content=\"index, follow, max-snippet:-1, max-image-preview:large, max-video-preview:-1\" \/>\n<link rel=\"canonical\" href=\"https:\/\/bizkeliza.org\/eu\/noticia\/andra-mariaganako-debozinozko-asteburua-bizkaian\/\" \/>\n<meta property=\"og:locale\" content=\"eu_ES\" \/>\n<meta property=\"og:type\" content=\"article\" \/>\n<meta property=\"og:title\" content=\"Andra Mariaganako debozinozko asteburua Bizkaian\" \/>\n<meta property=\"og:description\" content=\"Bizkaia preparada para vivir este fin de semana dos citas significativas del calendario mariano, con el protagonismo de la patrona: la Virgen de Bego\u00f1a. La primera de las dos grandes jornadas tendr\u00e1 lugar ma\u00f1ana, 14 de agosto, con la sexta edici\u00f3n de la Procesi\u00f3n N\u00e1utica de la Amatxu de Bego\u00f1a Peregrina. Este acto est\u00e1 organizado [&hellip;]\" \/>\n<meta property=\"og:url\" content=\"https:\/\/bizkeliza.org\/eu\/noticia\/andra-mariaganako-debozinozko-asteburua-bizkaian\/\" \/>\n<meta property=\"og:site_name\" content=\"Bilboko Elizbarrutia - Di\u00f3cesis de Bilbao\" \/>\n<meta property=\"article:publisher\" content=\"https:\/\/www.facebook.com\/DiocesisBilbao\/\" \/>\n<meta property=\"article:published_time\" content=\"2026-08-13T04:00:00+00:00\" \/>\n<meta property=\"article:modified_time\" content=\"2026-08-14T05:34:11+00:00\" \/>\n<meta property=\"og:image\" content=\"https:\/\/bizkeliza.org\/wp-content\/uploads\/48536078001_b41fdd67c6_o.jpeg\" \/>\n\t<meta property=\"og:image:width\" content=\"1024\" \/>\n\t<meta property=\"og:image:height\" content=\"682\" \/>\n\t<meta property=\"og:image:type\" content=\"image\/jpeg\" \/>\n<meta name=\"author\" content=\"dalberdi\" \/>\n<meta name=\"twitter:card\" content=\"summary_large_image\" \/>\n<meta name=\"twitter:creator\" content=\"@DiocesisBilbao\" \/>\n<meta name=\"twitter:site\" content=\"@DiocesisBilbao\" \/>\n<script type=\"application\/ld+json\" class=\"yoast-schema-graph\">{\"@context\":\"https:\\\/\\\/schema.org\",\"@graph\":[{\"@type\":\"Article\",\"@id\":\"https:\\\/\\\/bizkeliza.org\\\/eu\\\/noticia\\\/andra-mariaganako-debozinozko-asteburua-bizkaian\\\/#article\",\"isPartOf\":{\"@id\":\"https:\\\/\\\/bizkeliza.org\\\/eu\\\/noticia\\\/andra-mariaganako-debozinozko-asteburua-bizkaian\\\/\"},\"author\":{\"name\":\"dalberdi\",\"@id\":\"https:\\\/\\\/bizkeliza.org\\\/eu\\\/#\\\/schema\\\/person\\\/acc5e302cb1997bd56026a6980544228\"},\"headline\":\"Andra Mariaganako debozinozko asteburua Bizkaian\",\"datePublished\":\"2026-08-13T04:00:00+00:00\",\"dateModified\":\"2026-08-14T05:34:11+00:00\",\"mainEntityOfPage\":{\"@id\":\"https:\\\/\\\/bizkeliza.org\\\/eu\\\/noticia\\\/andra-mariaganako-debozinozko-asteburua-bizkaian\\\/\"},\"wordCount\":1028,\"publisher\":{\"@id\":\"https:\\\/\\\/bizkeliza.org\\\/eu\\\/#organization\"},\"image\":{\"@id\":\"https:\\\/\\\/bizkeliza.org\\\/eu\\\/noticia\\\/andra-mariaganako-debozinozko-asteburua-bizkaian\\\/#primaryimage\"},\"thumbnailUrl\":\"https:\\\/\\\/bizkeliza.org\\\/wp-content\\\/uploads\\\/48536078001_b41fdd67c6_o.jpeg\",\"keywords\":[\"Amatxu\",\"Bego\u00f1a\",\"Kofradiak\"],\"articleSection\":[\"Lehenengo Orrialdea\"],\"inLanguage\":\"eu-ES\"},{\"@type\":\"WebPage\",\"@id\":\"https:\\\/\\\/bizkeliza.org\\\/eu\\\/noticia\\\/andra-mariaganako-debozinozko-asteburua-bizkaian\\\/\",\"url\":\"https:\\\/\\\/bizkeliza.org\\\/eu\\\/noticia\\\/andra-mariaganako-debozinozko-asteburua-bizkaian\\\/\",\"name\":\"Andra Mariaganako debozinozko asteburua Bizkaian - Bilboko Elizbarrutia - Di\u00f3cesis de Bilbao\",\"isPartOf\":{\"@id\":\"https:\\\/\\\/bizkeliza.org\\\/eu\\\/#website\"},\"primaryImageOfPage\":{\"@id\":\"https:\\\/\\\/bizkeliza.org\\\/eu\\\/noticia\\\/andra-mariaganako-debozinozko-asteburua-bizkaian\\\/#primaryimage\"},\"image\":{\"@id\":\"https:\\\/\\\/bizkeliza.org\\\/eu\\\/noticia\\\/andra-mariaganako-debozinozko-asteburua-bizkaian\\\/#primaryimage\"},\"thumbnailUrl\":\"https:\\\/\\\/bizkeliza.org\\\/wp-content\\\/uploads\\\/48536078001_b41fdd67c6_o.jpeg\",\"datePublished\":\"2026-08-13T04:00:00+00:00\",\"dateModified\":\"2026-08-14T05:34:11+00:00\",\"breadcrumb\":{\"@id\":\"https:\\\/\\\/bizkeliza.org\\\/eu\\\/noticia\\\/andra-mariaganako-debozinozko-asteburua-bizkaian\\\/#breadcrumb\"},\"inLanguage\":\"eu-ES\",\"potentialAction\":[{\"@type\":\"ReadAction\",\"target\":[\"https:\\\/\\\/bizkeliza.org\\\/eu\\\/noticia\\\/andra-mariaganako-debozinozko-asteburua-bizkaian\\\/\"]}]},{\"@type\":\"ImageObject\",\"inLanguage\":\"eu-ES\",\"@id\":\"https:\\\/\\\/bizkeliza.org\\\/eu\\\/noticia\\\/andra-mariaganako-debozinozko-asteburua-bizkaian\\\/#primaryimage\",\"url\":\"https:\\\/\\\/bizkeliza.org\\\/wp-content\\\/uploads\\\/48536078001_b41fdd67c6_o.jpeg\",\"contentUrl\":\"https:\\\/\\\/bizkeliza.org\\\/wp-content\\\/uploads\\\/48536078001_b41fdd67c6_o.jpeg\",\"width\":1024,\"height\":682,\"caption\":\"Procesi\u00f3n mar\u00edtima de la Amatxu de Bego\u00f1a\"},{\"@type\":\"BreadcrumbList\",\"@id\":\"https:\\\/\\\/bizkeliza.org\\\/eu\\\/noticia\\\/andra-mariaganako-debozinozko-asteburua-bizkaian\\\/#breadcrumb\",\"itemListElement\":[{\"@type\":\"ListItem\",\"position\":1,\"name\":\"Portada\",\"item\":\"https:\\\/\\\/bizkeliza.org\\\/eu\\\/\"},{\"@type\":\"ListItem\",\"position\":2,\"name\":\"Andra Mariaganako debozinozko asteburua Bizkaian\"}]},{\"@type\":\"WebSite\",\"@id\":\"https:\\\/\\\/bizkeliza.org\\\/eu\\\/#website\",\"url\":\"https:\\\/\\\/bizkeliza.org\\\/eu\\\/\",\"name\":\"Di\u00f3cesis de Bilbao - Web oficial del Obispado\",\"description\":\"Di\u00f3cesis de Bilbao\",\"publisher\":{\"@id\":\"https:\\\/\\\/bizkeliza.org\\\/eu\\\/#organization\"},\"alternateName\":\"Di\u00f3cesis de Bilbao\",\"potentialAction\":[{\"@type\":\"SearchAction\",\"target\":{\"@type\":\"EntryPoint\",\"urlTemplate\":\"https:\\\/\\\/bizkeliza.org\\\/eu\\\/?s={search_term_string}\"},\"query-input\":{\"@type\":\"PropertyValueSpecification\",\"valueRequired\":true,\"valueName\":\"search_term_string\"}}],\"inLanguage\":\"eu-ES\"},{\"@type\":\"Organization\",\"@id\":\"https:\\\/\\\/bizkeliza.org\\\/eu\\\/#organization\",\"name\":\"Di\u00f3cesis de Bilbao - Web oficial del Obispado\",\"alternateName\":\"Di\u00f3cesis de Bilbao\",\"url\":\"https:\\\/\\\/bizkeliza.org\\\/eu\\\/\",\"logo\":{\"@type\":\"ImageObject\",\"inLanguage\":\"eu-ES\",\"@id\":\"https:\\\/\\\/bizkeliza.org\\\/eu\\\/#\\\/schema\\\/logo\\\/image\\\/\",\"url\":\"https:\\\/\\\/bizkeliza.org\\\/wp-content\\\/uploads\\\/2022\\\/06\\\/Logo-nuevo_2024-1-scaled.jpg\",\"contentUrl\":\"https:\\\/\\\/bizkeliza.org\\\/wp-content\\\/uploads\\\/2022\\\/06\\\/Logo-nuevo_2024-1-scaled.jpg\",\"width\":2560,\"height\":1024,\"caption\":\"Di\u00f3cesis de Bilbao - Web oficial del Obispado\"},\"image\":{\"@id\":\"https:\\\/\\\/bizkeliza.org\\\/eu\\\/#\\\/schema\\\/logo\\\/image\\\/\"},\"sameAs\":[\"https:\\\/\\\/www.facebook.com\\\/DiocesisBilbao\\\/\",\"https:\\\/\\\/x.com\\\/DiocesisBilbao\",\"https:\\\/\\\/www.instagram.com\\\/obispadobilbao\\\/\",\"https:\\\/\\\/www.youtube.com\\\/user\\\/bilbokoelizbarrutia\"],\"description\":\"Iglesia local de Bilbao perteneciente a la Iglesia Cat\u00f3lica\"},{\"@type\":\"Person\",\"@id\":\"https:\\\/\\\/bizkeliza.org\\\/eu\\\/#\\\/schema\\\/person\\\/acc5e302cb1997bd56026a6980544228\",\"name\":\"dalberdi\"}]}<\/script>\n<!-- \/ Yoast SEO Premium plugin. -->","yoast_head_json":{"title":"Andra Mariaganako debozinozko asteburua Bizkaian - Bilboko Elizbarrutia - Di\u00f3cesis de Bilbao","robots":{"index":"index","follow":"follow","max-snippet":"max-snippet:-1","max-image-preview":"max-image-preview:large","max-video-preview":"max-video-preview:-1"},"canonical":"https:\/\/bizkeliza.org\/eu\/noticia\/andra-mariaganako-debozinozko-asteburua-bizkaian\/","og_locale":"eu_ES","og_type":"article","og_title":"Andra Mariaganako debozinozko asteburua Bizkaian","og_description":"Bizkaia preparada para vivir este fin de semana dos citas significativas del calendario mariano, con el protagonismo de la patrona: la Virgen de Bego\u00f1a. La primera de las dos grandes jornadas tendr\u00e1 lugar ma\u00f1ana, 14 de agosto, con la sexta edici\u00f3n de la Procesi\u00f3n N\u00e1utica de la Amatxu de Bego\u00f1a Peregrina. Este acto est\u00e1 organizado [&hellip;]","og_url":"https:\/\/bizkeliza.org\/eu\/noticia\/andra-mariaganako-debozinozko-asteburua-bizkaian\/","og_site_name":"Bilboko Elizbarrutia - Di\u00f3cesis de Bilbao","article_publisher":"https:\/\/www.facebook.com\/DiocesisBilbao\/","article_published_time":"2026-08-13T04:00:00+00:00","article_modified_time":"2026-08-14T05:34:11+00:00","og_image":[{"width":1024,"height":682,"url":"https:\/\/bizkeliza.org\/wp-content\/uploads\/48536078001_b41fdd67c6_o.jpeg","type":"image\/jpeg"}],"author":"dalberdi","twitter_card":"summary_large_image","twitter_creator":"@DiocesisBilbao","twitter_site":"@DiocesisBilbao","schema":{"@context":"https:\/\/schema.org","@graph":[{"@type":"Article","@id":"https:\/\/bizkeliza.org\/eu\/noticia\/andra-mariaganako-debozinozko-asteburua-bizkaian\/#article","isPartOf":{"@id":"https:\/\/bizkeliza.org\/eu\/noticia\/andra-mariaganako-debozinozko-asteburua-bizkaian\/"},"author":{"name":"dalberdi","@id":"https:\/\/bizkeliza.org\/eu\/#\/schema\/person\/acc5e302cb1997bd56026a6980544228"},"headline":"Andra Mariaganako debozinozko asteburua Bizkaian","datePublished":"2026-08-13T04:00:00+00:00","dateModified":"2026-08-14T05:34:11+00:00","mainEntityOfPage":{"@id":"https:\/\/bizkeliza.org\/eu\/noticia\/andra-mariaganako-debozinozko-asteburua-bizkaian\/"},"wordCount":1028,"publisher":{"@id":"https:\/\/bizkeliza.org\/eu\/#organization"},"image":{"@id":"https:\/\/bizkeliza.org\/eu\/noticia\/andra-mariaganako-debozinozko-asteburua-bizkaian\/#primaryimage"},"thumbnailUrl":"https:\/\/bizkeliza.org\/wp-content\/uploads\/48536078001_b41fdd67c6_o.jpeg","keywords":["Amatxu","Bego\u00f1a","Kofradiak"],"articleSection":["Lehenengo Orrialdea"],"inLanguage":"eu-ES"},{"@type":"WebPage","@id":"https:\/\/bizkeliza.org\/eu\/noticia\/andra-mariaganako-debozinozko-asteburua-bizkaian\/","url":"https:\/\/bizkeliza.org\/eu\/noticia\/andra-mariaganako-debozinozko-asteburua-bizkaian\/","name":"Andra Mariaganako debozinozko asteburua Bizkaian - Bilboko Elizbarrutia - Di\u00f3cesis de Bilbao","isPartOf":{"@id":"https:\/\/bizkeliza.org\/eu\/#website"},"primaryImageOfPage":{"@id":"https:\/\/bizkeliza.org\/eu\/noticia\/andra-mariaganako-debozinozko-asteburua-bizkaian\/#primaryimage"},"image":{"@id":"https:\/\/bizkeliza.org\/eu\/noticia\/andra-mariaganako-debozinozko-asteburua-bizkaian\/#primaryimage"},"thumbnailUrl":"https:\/\/bizkeliza.org\/wp-content\/uploads\/48536078001_b41fdd67c6_o.jpeg","datePublished":"2026-08-13T04:00:00+00:00","dateModified":"2026-08-14T05:34:11+00:00","breadcrumb":{"@id":"https:\/\/bizkeliza.org\/eu\/noticia\/andra-mariaganako-debozinozko-asteburua-bizkaian\/#breadcrumb"},"inLanguage":"eu-ES","potentialAction":[{"@type":"ReadAction","target":["https:\/\/bizkeliza.org\/eu\/noticia\/andra-mariaganako-debozinozko-asteburua-bizkaian\/"]}]},{"@type":"ImageObject","inLanguage":"eu-ES","@id":"https:\/\/bizkeliza.org\/eu\/noticia\/andra-mariaganako-debozinozko-asteburua-bizkaian\/#primaryimage","url":"https:\/\/bizkeliza.org\/wp-content\/uploads\/48536078001_b41fdd67c6_o.jpeg","contentUrl":"https:\/\/bizkeliza.org\/wp-content\/uploads\/48536078001_b41fdd67c6_o.jpeg","width":1024,"height":682,"caption":"Procesi\u00f3n mar\u00edtima de la Amatxu de Bego\u00f1a"},{"@type":"BreadcrumbList","@id":"https:\/\/bizkeliza.org\/eu\/noticia\/andra-mariaganako-debozinozko-asteburua-bizkaian\/#breadcrumb","itemListElement":[{"@type":"ListItem","position":1,"name":"Portada","item":"https:\/\/bizkeliza.org\/eu\/"},{"@type":"ListItem","position":2,"name":"Andra Mariaganako debozinozko asteburua Bizkaian"}]},{"@type":"WebSite","@id":"https:\/\/bizkeliza.org\/eu\/#website","url":"https:\/\/bizkeliza.org\/eu\/","name":"Di\u00f3cesis de Bilbao - Web oficial del Obispado","description":"Di\u00f3cesis de Bilbao","publisher":{"@id":"https:\/\/bizkeliza.org\/eu\/#organization"},"alternateName":"Di\u00f3cesis de Bilbao","potentialAction":[{"@type":"SearchAction","target":{"@type":"EntryPoint","urlTemplate":"https:\/\/bizkeliza.org\/eu\/?s={search_term_string}"},"query-input":{"@type":"PropertyValueSpecification","valueRequired":true,"valueName":"search_term_string"}}],"inLanguage":"eu-ES"},{"@type":"Organization","@id":"https:\/\/bizkeliza.org\/eu\/#organization","name":"Di\u00f3cesis de Bilbao - Web oficial del Obispado","alternateName":"Di\u00f3cesis de Bilbao","url":"https:\/\/bizkeliza.org\/eu\/","logo":{"@type":"ImageObject","inLanguage":"eu-ES","@id":"https:\/\/bizkeliza.org\/eu\/#\/schema\/logo\/image\/","url":"https:\/\/bizkeliza.org\/wp-content\/uploads\/2022\/06\/Logo-nuevo_2024-1-scaled.jpg","contentUrl":"https:\/\/bizkeliza.org\/wp-content\/uploads\/2022\/06\/Logo-nuevo_2024-1-scaled.jpg","width":2560,"height":1024,"caption":"Di\u00f3cesis de Bilbao - Web oficial del Obispado"},"image":{"@id":"https:\/\/bizkeliza.org\/eu\/#\/schema\/logo\/image\/"},"sameAs":["https:\/\/www.facebook.com\/DiocesisBilbao\/","https:\/\/x.com\/DiocesisBilbao","https:\/\/www.instagram.com\/obispadobilbao\/","https:\/\/www.youtube.com\/user\/bilbokoelizbarrutia"],"description":"Iglesia local de Bilbao perteneciente a la Iglesia Cat\u00f3lica"},{"@type":"Person","@id":"https:\/\/bizkeliza.org\/eu\/#\/schema\/person\/acc5e302cb1997bd56026a6980544228","name":"dalberdi"}]}},"_links":{"self":[{"href":"https:\/\/bizkeliza.org\/eu\/wp-json\/wp\/v2\/posts\/196214","targetHints":{"allow":["GET"]}}],"collection":[{"href":"https:\/\/bizkeliza.org\/eu\/wp-json\/wp\/v2\/posts"}],"about":[{"href":"https:\/\/bizkeliza.org\/eu\/wp-json\/wp\/v2\/types\/post"}],"author":[{"embeddable":true,"href":"https:\/\/bizkeliza.org\/eu\/wp-json\/wp\/v2\/users\/19"}],"replies":[{"embeddable":true,"href":"https:\/\/bizkeliza.org\/eu\/wp-json\/wp\/v2\/comments?post=196214"}],"version-history":[{"count":2,"href":"https:\/\/bizkeliza.org\/eu\/wp-json\/wp\/v2\/posts\/196214\/revisions"}],"predecessor-version":[{"id":196336,"href":"https:\/\/bizkeliza.org\/eu\/wp-json\/wp\/v2\/posts\/196214\/revisions\/196336"}],"wp:featuredmedia":[{"embeddable":true,"href":"https:\/\/bizkeliza.org\/eu\/wp-json\/wp\/v2\/media\/22578"}],"wp:attachment":[{"href":"https:\/\/bizkeliza.org\/eu\/wp-json\/wp\/v2\/media?parent=196214"}],"wp:term":[{"taxonomy":"category","embeddable":true,"href":"https:\/\/bizkeliza.org\/eu\/wp-json\/wp\/v2\/categories?post=196214"},{"taxonomy":"post_tag","embeddable":true,"href":"https:\/\/bizkeliza.org\/eu\/wp-json\/wp\/v2\/tags?post=196214"}],"curies":[{"name":"wp","href":"https:\/\/api.w.org\/{rel}","templated":true}]}}