{"id":196915,"date":"2026-08-31T06:00:00","date_gmt":"2026-08-31T04:00:00","guid":{"rendered":"https:\/\/bizkeliza.org\/?p=196915"},"modified":"2026-08-28T10:46:32","modified_gmt":"2026-08-28T08:46:32","slug":"gotzaina-ekuadorrera-doa-lehenengo-euskal-misiiolarietako-baten-omenaldira","status":"publish","type":"post","link":"https:\/\/bizkeliza.org\/eu\/noticia\/gotzaina-ekuadorrera-doa-lehenengo-euskal-misiiolarietako-baten-omenaldira\/","title":{"rendered":"Gotzaina Ekuadorrera doa lehenengo euskal misiiolarietako baten omenaldira"},"content":{"rendered":"\n<p class=\"wp-block-paragraph\"><p>Datorren astelehenez, irailak 5, egingo deutse omenaldia <strong>Maximo Guisasolari,<\/strong> Vincesen (Ekuador).<\/p><\/p>\n\n<figure class=\"wp-block-image size-large\"><img decoding=\"async\" width=\"1024\" height=\"640\" src=\"https:\/\/bizkeliza.org\/wp-content\/uploads\/2026\/08\/Maximo-Gisasola-1024x640.webp\" alt=\"M&#xE1;ximo Guisasola\" class=\"wp-image-196891\" srcset=\"https:\/\/bizkeliza.org\/wp-content\/uploads\/2026\/08\/Maximo-Gisasola-1024x640.webp 1024w, https:\/\/bizkeliza.org\/wp-content\/uploads\/2026\/08\/Maximo-Gisasola-980x613.webp 980w, https:\/\/bizkeliza.org\/wp-content\/uploads\/2026\/08\/Maximo-Gisasola-480x300.webp 480w\" sizes=\"(min-width: 0px) and (max-width: 480px) 480px, (min-width: 481px) and (max-width: 980px) 980px, (min-width: 981px) 1024px, 100vw\" \/><figcaption class=\"wp-element-caption\">M\u00e1ximo Guisasola<\/figcaption><\/figure>\n\n<p class=\"wp-block-paragraph\"><p>Maximo Guisasola 1948ko urriaren 12an abiatu zan Madriletik hegazkinez Ekuadorrerantz.Euskal Herriko eleizbarrutietako zortzi abadez <strong>-Maximo Guisasola,<\/strong> <strong>El\u00edas Zuloaga, V\u00edctor Garaygordovil, Leandro Zalo\u00f1a, Eusebio Ocerinj\u00e1uregui, Gregorio Alonso, Francisco Arraibi eta Luis Alberd-i<\/strong> osotutako talde-buru zan bera, orduan Gasteizko Seminarioan Filosofiako gidari espirituala zana. 1948ko urriaren 16an heldu ziran Los Riosera.<\/p><\/p>\n\n<figure class=\"wp-block-image size-large\"><img decoding=\"async\" width=\"1024\" height=\"749\" src=\"https:\/\/bizkeliza.org\/wp-content\/uploads\/2026\/08\/015_Primeros-Misioneros-a-Ecuador-1024x749.jpg\" alt=\"Lehenengo misiolariak Ekuadorren\" class=\"wp-image-196894\" srcset=\"https:\/\/bizkeliza.org\/wp-content\/uploads\/2026\/08\/015_Primeros-Misioneros-a-Ecuador-980x716.jpg 980w, https:\/\/bizkeliza.org\/wp-content\/uploads\/2026\/08\/015_Primeros-Misioneros-a-Ecuador-480x351.jpg 480w\" sizes=\"(min-width: 0px) and (max-width: 480px) 480px, (min-width: 481px) and (max-width: 980px) 980px, (min-width: 981px) 1024px, 100vw\" \/><figcaption class=\"wp-element-caption\">Lehenengo misiolariak Ekuadorren (Guisasola, bigarrena eskumatik hasita)<\/figcaption><\/figure>\n\n<p class=\"wp-block-paragraph\"><p>Euskal gotzainek\u00a0<strong>Guisasola\u00a0<\/strong>izendatu eben talde-buru. Vincesen bizi izan zan eta inguruaan ebanjelizazinoa bultzatu eban. Abuztuaren 9an, Santa Teresita del Ni\u00f1o Jesus ikastetxea inauguratu eban, hamarkada askotan ume kaltetuenen aldeko heziketa-bitarteko nagusi izan zana.<\/p><\/p>\n\n<h3 id=\"h-un-programa-de-una-semana-con-vinces-como-epicentro\" class=\"wp-block-heading\">Astebeteko egitaraua, Vinces epizentrotzat hartuta<\/h3>\n\n<p class=\"wp-block-paragraph\"><p><b>On Joseba Segura<\/b> gotzaina irailaren 3an, eguenez, helduko da Ekuadorera, <strong>Paulino Ordax<\/strong> misiolariagaz batera. Aurretik joango da <strong>Manuel Heredia<\/strong> Misinoetarako Bilboko Eleizbarrutiko ordezkaria gainerako eleizbarrutietako misinoetarako ordezkariakaz batera eta eurak arduratuko dira harreraz.\u00a0<\/p><\/p>\n\n<p class=\"wp-block-paragraph\"><p>2024ko martxotik aurrera, Bilboko gotzaina da Misinoetarako eta Eleizen arteko Lankidetzarako Espainiako Gotzainen Batzarreko Gotzain Batzordeko presidente eta horregaitik, Bilboko eleizbarrutia da euskal ordezkaritzaren buru omenaldian. Gainera, Bilboko gotzainak baditu loturak Ekuadorregaz: alde batetik, 2006 eta 1017 bitartean, pastoral lana burutu etan Quiton eta herrialdeko Caritasegaz lankidetzan jardun eban; bestetik, gotzainaren amaren aldeko sendia, Zeanurikoa da, Maximo Guisasola lez.<\/p><\/p>\n\n<figure class=\"wp-block-image aligncenter size-full\"><img decoding=\"async\" width=\"600\" height=\"800\" src=\"https:\/\/bizkeliza.org\/wp-content\/uploads\/1687572776033.jpg\" alt=\"gotzania Kongoko ED\" class=\"wp-image-85821\"\/><figcaption class=\"wp-element-caption\">On Joseba Segura gotzaina ume batzukaz Nkangan (Kongoko ED), 2023an egin eban bidaian.<\/figcaption><\/figure>\n\n<p class=\"wp-block-paragraph\"><p>Euskal Eleizbarrutietako Misinoetarako ordezkaritza irailaren 8ra arte egongo da Ekuadorren. Besteak beste, gizarte jantokiak, eskolak, santutegiak\u00a0 eta parrokiak bisitatuko dabez Babahoyo, Quevedo eta Ricaurten. Ekitaldi nagusia, omenaldia, <strong>irailaren 5ean izango da Vincesen,<\/strong> hemen jardun ebalako Guisasolak misino-lanetan eta bertan dagoalako hobiratuta.<\/p><\/p>\n\n<figure class=\"wp-block-image aligncenter size-full\"><img decoding=\"async\" width=\"600\" height=\"874\" src=\"https:\/\/bizkeliza.org\/wp-content\/uploads\/2026\/08\/5c563f2b-37ff-4203-933b-2493b3c24295.jpg\" alt=\"\" class=\"wp-image-196899\" srcset=\"https:\/\/bizkeliza.org\/wp-content\/uploads\/2026\/08\/5c563f2b-37ff-4203-933b-2493b3c24295.jpg 600w, https:\/\/bizkeliza.org\/wp-content\/uploads\/2026\/08\/5c563f2b-37ff-4203-933b-2493b3c24295-480x699.jpg 480w\" sizes=\"(min-width: 0px) and (max-width: 480px) 480px, (min-width: 481px) 600px, 100vw\" \/><\/figure>\n\n<h3 id=\"h-responso-y-placa-conmemorativa\" class=\"wp-block-heading\">Errespontsua eta oroitzapenezko plaka<\/h3>\n\n<p class=\"wp-block-paragraph\">Irailarne 5ean, Eukaristia ospatuko da 10:00etan, Maximo Guisasolaren heriotzaren 75. urteurrenean, berari omenaldia egiteko eta esker ona adierazoteko. Gero, errespontsua egingo da bere hilobiaren aurrean eta oroitzapenezko plaka bistaratuko da. Muralen erakusketa eta kultur ekitaldia be izango da San Lorentzo parrokiako jolastokian -misiolaria hobiratuta dagoan lekuan.<\/p>\n\n<p class=\"wp-block-paragraph\">Arratsaldez, Babahoyora bueltatu eta On Joseba Segura gotzaina buru izango da katedralean ospatuko dan Eukaristian. Gainra, Mesedetako Andra Mariaren jaien pregoian, plaka bistaratuko da. Azkenean, egunari amaiera emoteko, uriko abadegai eta abadeakaz solasaldia izango dau.<\/p>\n\n<p class=\"wp-block-paragraph\"><p><strong>Los Rioseko Eleizbarrutiak, Vinceseko San Lorentzo parrokiak <\/strong>eta <strong>euskal misino-taldeak<\/strong> batera antolatu dabez ekitaldiak eta <strong>Babahoyoko Eleizbarrutiaren<\/strong> sorreraren 32. urteurrenagaz batera ospatuko dira.<\/p><\/p>\n\n<h3 id=\"h-el-legado-de-la-primera-expedicion-vasca\" class=\"wp-block-heading\">Lehenengo euskal espedizinoaren ondarea<\/h3>\n\n<p class=\"wp-block-paragraph\">Lehenengo espedizino ha euskal misino-bokazinoaren hazia izan zan. Los Rioseko misinotik, El Oro eta Manabira hedatu zan eta, ondoren, Venezuela, Brasil eta Txilera. Gainera, misino-bokazinoa Angola eta Zairera -gaur egungo Kongoko Errepublika Demokratikoa- eta Ruandara be heldu zan.<\/p>\n\n<p class=\"wp-block-paragraph\"><p><strong>1951ko irailaren 10ean<\/strong> hil zan Guisasola eta handik bederatzi egunetara argitaratu zan Digni sunt bulda, Los Rioseko Bikariotza Apostolikoa Prelatutza bihurtzea ekarri ebana. Holan, misino-lurralde izateari itzi eta berariazko eleiz jurisdikzino bihurtu zan.<\/p><\/p>\n\n<p class=\"wp-block-paragraph\">Guisasolak ez eban autorpen juridiko hau ezagutu: 1951eko irailaren 10ean hil zan. Salerosgai eta bidaiariak eroazan ibilgailuan joian Vincesera eta &#8220;Petrillo&#8221; izeneko inguruan, Daulerako bidean, talka egin eben zisterna-kamioiagaz. Bere sotanaren zati bati esker jakin eben bera zala eta Vinceseko San Lorentzo eleizako sarrera nagusian lurra emon eutsen bere gorpuzkiari. Alkarteak, gaur egun be, debozinoz bisitatzen dau bere hilobia.<\/p>\n\n<figure class=\"wp-block-embed is-type-video is-provider-youtube wp-block-embed-youtube wp-embed-aspect-16-9 wp-has-aspect-ratio\"><div class=\"wp-block-embed__wrapper\">\r\n<iframe loading=\"lazy\" title=\"HOMENAJE AL PADRE MAXIMO GUISASOLA \u2013 MISIONERO VASCO EN VINCES, LOS RIOS, ECUADOR\" width=\"1080\" height=\"608\" src=\"https:\/\/www.youtube.com\/embed\/tZyxYZ1nbxA?feature=oembed\"  allow=\"accelerometer; autoplay; clipboard-write; encrypted-media; gyroscope; picture-in-picture; web-share\" referrerpolicy=\"strict-origin-when-cross-origin\" allowfullscreen><\/iframe>\r\n<\/div><\/figure><br>\n","protected":false},"excerpt":{"rendered":"<p>On Joseba Segura gotzainka eta Euskal Eleizbarrutietako Misinoetako ordezkaritzak irailaren 5ean Maximo Guisasola misiolari eskeiniko deutsen omenaldian parte hartuko dabe. <\/p>\n","protected":false},"author":19,"featured_media":196884,"comment_status":"closed","ping_status":"closed","sticky":false,"template":"","format":"standard","meta":{"_acf_changed":false,"_et_pb_use_builder":"off","_et_pb_old_content":"","_et_gb_content_width":"","footnotes":""},"categories":[505,506],"tags":[1450,1452,1451],"class_list":["post-196915","post","type-post","status-publish","format-standard","has-post-thumbnail","hentry","category-gotzaina","category-lehenengo-orrialdea","tag-ekuador","tag-guisasola","tag-misinoak"],"acf":[],"yoast_head":"<!-- This site is optimized with the Yoast SEO Premium plugin v28.1 (Yoast SEO v28.1) - https:\/\/yoast.com\/product\/yoast-seo-premium-wordpress\/ -->\n<title>Gotzaina Ekuadorrera doa lehenengo euskal misiiolarietako baten omenaldira - Bilboko Elizbarrutia - Di\u00f3cesis de Bilbao<\/title>\n<meta name=\"description\" content=\"Ekuadorrera joan ziran lehenengo euskal misiolarien ondarea Maximo Guisasolari lotuta dago. Ezagutu bere bidaia eta arrastoa.\" \/>\n<meta name=\"robots\" content=\"index, follow, max-snippet:-1, max-image-preview:large, max-video-preview:-1\" \/>\n<link rel=\"canonical\" href=\"https:\/\/bizkeliza.org\/eu\/noticia\/gotzaina-ekuadorrera-doa-lehenengo-euskal-misiiolarietako-baten-omenaldira\/\" \/>\n<meta property=\"og:locale\" content=\"eu_ES\" \/>\n<meta property=\"og:type\" content=\"article\" \/>\n<meta property=\"og:title\" content=\"Gotzaina Ekuadorrera doa lehenengo euskal misiiolarietako baten omenaldira\" \/>\n<meta property=\"og:description\" content=\"Ekuadorrera joan ziran lehenengo euskal misiolarien ondarea Maximo Guisasolari lotuta dago. Ezagutu bere bidaia eta arrastoa.\" \/>\n<meta property=\"og:url\" content=\"https:\/\/bizkeliza.org\/eu\/noticia\/gotzaina-ekuadorrera-doa-lehenengo-euskal-misiiolarietako-baten-omenaldira\/\" \/>\n<meta property=\"og:site_name\" content=\"Bilboko Elizbarrutia - Di\u00f3cesis de Bilbao\" \/>\n<meta property=\"article:publisher\" content=\"https:\/\/www.facebook.com\/DiocesisBilbao\/\" \/>\n<meta property=\"article:published_time\" content=\"2026-08-31T04:00:00+00:00\" \/>\n<meta property=\"og:image\" content=\"https:\/\/bizkeliza.org\/wp-content\/uploads\/2026\/08\/121e5931-82a5-420f-bb3f-bc4b4edaa11f_16-9-aspect-ratio_default_0.webp\" \/>\n\t<meta property=\"og:image:width\" content=\"1080\" \/>\n\t<meta property=\"og:image:height\" content=\"675\" \/>\n\t<meta property=\"og:image:type\" content=\"image\/webp\" \/>\n<meta name=\"author\" content=\"dalberdi\" \/>\n<meta name=\"twitter:card\" content=\"summary_large_image\" \/>\n<meta name=\"twitter:creator\" content=\"@DiocesisBilbao\" \/>\n<meta name=\"twitter:site\" content=\"@DiocesisBilbao\" \/>\n<script type=\"application\/ld+json\" class=\"yoast-schema-graph\">{\"@context\":\"https:\\\/\\\/schema.org\",\"@graph\":[{\"@type\":\"Article\",\"@id\":\"https:\\\/\\\/bizkeliza.org\\\/eu\\\/noticia\\\/gotzaina-ekuadorrera-doa-lehenengo-euskal-misiiolarietako-baten-omenaldira\\\/#article\",\"isPartOf\":{\"@id\":\"https:\\\/\\\/bizkeliza.org\\\/eu\\\/noticia\\\/gotzaina-ekuadorrera-doa-lehenengo-euskal-misiiolarietako-baten-omenaldira\\\/\"},\"author\":{\"name\":\"dalberdi\",\"@id\":\"https:\\\/\\\/bizkeliza.org\\\/eu\\\/#\\\/schema\\\/person\\\/acc5e302cb1997bd56026a6980544228\"},\"headline\":\"Gotzaina Ekuadorrera doa lehenengo euskal misiiolarietako baten omenaldira\",\"datePublished\":\"2026-08-31T04:00:00+00:00\",\"mainEntityOfPage\":{\"@id\":\"https:\\\/\\\/bizkeliza.org\\\/eu\\\/noticia\\\/gotzaina-ekuadorrera-doa-lehenengo-euskal-misiiolarietako-baten-omenaldira\\\/\"},\"wordCount\":514,\"publisher\":{\"@id\":\"https:\\\/\\\/bizkeliza.org\\\/eu\\\/#organization\"},\"image\":{\"@id\":\"https:\\\/\\\/bizkeliza.org\\\/eu\\\/noticia\\\/gotzaina-ekuadorrera-doa-lehenengo-euskal-misiiolarietako-baten-omenaldira\\\/#primaryimage\"},\"thumbnailUrl\":\"https:\\\/\\\/bizkeliza.org\\\/wp-content\\\/uploads\\\/2026\\\/08\\\/121e5931-82a5-420f-bb3f-bc4b4edaa11f_16-9-aspect-ratio_default_0.webp\",\"keywords\":[\"Ekuador\",\"Guisasola\",\"Misinoak\"],\"articleSection\":[\"Gotzaina\",\"Lehenengo Orrialdea\"],\"inLanguage\":\"eu-ES\"},{\"@type\":\"WebPage\",\"@id\":\"https:\\\/\\\/bizkeliza.org\\\/eu\\\/noticia\\\/gotzaina-ekuadorrera-doa-lehenengo-euskal-misiiolarietako-baten-omenaldira\\\/\",\"url\":\"https:\\\/\\\/bizkeliza.org\\\/eu\\\/noticia\\\/gotzaina-ekuadorrera-doa-lehenengo-euskal-misiiolarietako-baten-omenaldira\\\/\",\"name\":\"Gotzaina Ekuadorrera doa lehenengo euskal misiiolarietako baten omenaldira - Bilboko Elizbarrutia - Di\u00f3cesis de Bilbao\",\"isPartOf\":{\"@id\":\"https:\\\/\\\/bizkeliza.org\\\/eu\\\/#website\"},\"primaryImageOfPage\":{\"@id\":\"https:\\\/\\\/bizkeliza.org\\\/eu\\\/noticia\\\/gotzaina-ekuadorrera-doa-lehenengo-euskal-misiiolarietako-baten-omenaldira\\\/#primaryimage\"},\"image\":{\"@id\":\"https:\\\/\\\/bizkeliza.org\\\/eu\\\/noticia\\\/gotzaina-ekuadorrera-doa-lehenengo-euskal-misiiolarietako-baten-omenaldira\\\/#primaryimage\"},\"thumbnailUrl\":\"https:\\\/\\\/bizkeliza.org\\\/wp-content\\\/uploads\\\/2026\\\/08\\\/121e5931-82a5-420f-bb3f-bc4b4edaa11f_16-9-aspect-ratio_default_0.webp\",\"datePublished\":\"2026-08-31T04:00:00+00:00\",\"description\":\"Ekuadorrera joan ziran lehenengo euskal misiolarien ondarea Maximo Guisasolari lotuta dago. Ezagutu bere bidaia eta arrastoa.\",\"breadcrumb\":{\"@id\":\"https:\\\/\\\/bizkeliza.org\\\/eu\\\/noticia\\\/gotzaina-ekuadorrera-doa-lehenengo-euskal-misiiolarietako-baten-omenaldira\\\/#breadcrumb\"},\"inLanguage\":\"eu-ES\",\"potentialAction\":[{\"@type\":\"ReadAction\",\"target\":[\"https:\\\/\\\/bizkeliza.org\\\/eu\\\/noticia\\\/gotzaina-ekuadorrera-doa-lehenengo-euskal-misiiolarietako-baten-omenaldira\\\/\"]}]},{\"@type\":\"ImageObject\",\"inLanguage\":\"eu-ES\",\"@id\":\"https:\\\/\\\/bizkeliza.org\\\/eu\\\/noticia\\\/gotzaina-ekuadorrera-doa-lehenengo-euskal-misiiolarietako-baten-omenaldira\\\/#primaryimage\",\"url\":\"https:\\\/\\\/bizkeliza.org\\\/wp-content\\\/uploads\\\/2026\\\/08\\\/121e5931-82a5-420f-bb3f-bc4b4edaa11f_16-9-aspect-ratio_default_0.webp\",\"contentUrl\":\"https:\\\/\\\/bizkeliza.org\\\/wp-content\\\/uploads\\\/2026\\\/08\\\/121e5931-82a5-420f-bb3f-bc4b4edaa11f_16-9-aspect-ratio_default_0.webp\",\"width\":1080,\"height\":675,\"caption\":\"Los miembros de la primera misi\u00f3n a Ecuador (\"},{\"@type\":\"BreadcrumbList\",\"@id\":\"https:\\\/\\\/bizkeliza.org\\\/eu\\\/noticia\\\/gotzaina-ekuadorrera-doa-lehenengo-euskal-misiiolarietako-baten-omenaldira\\\/#breadcrumb\",\"itemListElement\":[{\"@type\":\"ListItem\",\"position\":1,\"name\":\"Portada\",\"item\":\"https:\\\/\\\/bizkeliza.org\\\/eu\\\/\"},{\"@type\":\"ListItem\",\"position\":2,\"name\":\"Gotzaina Ekuadorrera doa lehenengo euskal misiiolarietako baten omenaldira\"}]},{\"@type\":\"WebSite\",\"@id\":\"https:\\\/\\\/bizkeliza.org\\\/eu\\\/#website\",\"url\":\"https:\\\/\\\/bizkeliza.org\\\/eu\\\/\",\"name\":\"Di\u00f3cesis de Bilbao - Web oficial del Obispado\",\"description\":\"Di\u00f3cesis de Bilbao\",\"publisher\":{\"@id\":\"https:\\\/\\\/bizkeliza.org\\\/eu\\\/#organization\"},\"alternateName\":\"Di\u00f3cesis de Bilbao\",\"potentialAction\":[{\"@type\":\"SearchAction\",\"target\":{\"@type\":\"EntryPoint\",\"urlTemplate\":\"https:\\\/\\\/bizkeliza.org\\\/eu\\\/?s={search_term_string}\"},\"query-input\":{\"@type\":\"PropertyValueSpecification\",\"valueRequired\":true,\"valueName\":\"search_term_string\"}}],\"inLanguage\":\"eu-ES\"},{\"@type\":\"Organization\",\"@id\":\"https:\\\/\\\/bizkeliza.org\\\/eu\\\/#organization\",\"name\":\"Di\u00f3cesis de Bilbao - Web oficial del Obispado\",\"alternateName\":\"Di\u00f3cesis de Bilbao\",\"url\":\"https:\\\/\\\/bizkeliza.org\\\/eu\\\/\",\"logo\":{\"@type\":\"ImageObject\",\"inLanguage\":\"eu-ES\",\"@id\":\"https:\\\/\\\/bizkeliza.org\\\/eu\\\/#\\\/schema\\\/logo\\\/image\\\/\",\"url\":\"https:\\\/\\\/bizkeliza.org\\\/wp-content\\\/uploads\\\/2022\\\/06\\\/Logo-nuevo_2024-1-scaled.jpg\",\"contentUrl\":\"https:\\\/\\\/bizkeliza.org\\\/wp-content\\\/uploads\\\/2022\\\/06\\\/Logo-nuevo_2024-1-scaled.jpg\",\"width\":2560,\"height\":1024,\"caption\":\"Di\u00f3cesis de Bilbao - Web oficial del Obispado\"},\"image\":{\"@id\":\"https:\\\/\\\/bizkeliza.org\\\/eu\\\/#\\\/schema\\\/logo\\\/image\\\/\"},\"sameAs\":[\"https:\\\/\\\/www.facebook.com\\\/DiocesisBilbao\\\/\",\"https:\\\/\\\/x.com\\\/DiocesisBilbao\",\"https:\\\/\\\/www.instagram.com\\\/obispadobilbao\\\/\",\"https:\\\/\\\/www.youtube.com\\\/user\\\/bilbokoelizbarrutia\"],\"description\":\"Iglesia local de Bilbao perteneciente a la Iglesia Cat\u00f3lica\"},{\"@type\":\"Person\",\"@id\":\"https:\\\/\\\/bizkeliza.org\\\/eu\\\/#\\\/schema\\\/person\\\/acc5e302cb1997bd56026a6980544228\",\"name\":\"dalberdi\"}]}<\/script>\n<!-- \/ Yoast SEO Premium plugin. -->","yoast_head_json":{"title":"Gotzaina Ekuadorrera doa lehenengo euskal misiiolarietako baten omenaldira - Bilboko Elizbarrutia - Di\u00f3cesis de Bilbao","description":"Ekuadorrera joan ziran lehenengo euskal misiolarien ondarea Maximo Guisasolari lotuta dago. Ezagutu bere bidaia eta arrastoa.","robots":{"index":"index","follow":"follow","max-snippet":"max-snippet:-1","max-image-preview":"max-image-preview:large","max-video-preview":"max-video-preview:-1"},"canonical":"https:\/\/bizkeliza.org\/eu\/noticia\/gotzaina-ekuadorrera-doa-lehenengo-euskal-misiiolarietako-baten-omenaldira\/","og_locale":"eu_ES","og_type":"article","og_title":"Gotzaina Ekuadorrera doa lehenengo euskal misiiolarietako baten omenaldira","og_description":"Ekuadorrera joan ziran lehenengo euskal misiolarien ondarea Maximo Guisasolari lotuta dago. Ezagutu bere bidaia eta arrastoa.","og_url":"https:\/\/bizkeliza.org\/eu\/noticia\/gotzaina-ekuadorrera-doa-lehenengo-euskal-misiiolarietako-baten-omenaldira\/","og_site_name":"Bilboko Elizbarrutia - Di\u00f3cesis de Bilbao","article_publisher":"https:\/\/www.facebook.com\/DiocesisBilbao\/","article_published_time":"2026-08-31T04:00:00+00:00","og_image":[{"width":1080,"height":675,"url":"https:\/\/bizkeliza.org\/wp-content\/uploads\/2026\/08\/121e5931-82a5-420f-bb3f-bc4b4edaa11f_16-9-aspect-ratio_default_0.webp","type":"image\/webp"}],"author":"dalberdi","twitter_card":"summary_large_image","twitter_creator":"@DiocesisBilbao","twitter_site":"@DiocesisBilbao","schema":{"@context":"https:\/\/schema.org","@graph":[{"@type":"Article","@id":"https:\/\/bizkeliza.org\/eu\/noticia\/gotzaina-ekuadorrera-doa-lehenengo-euskal-misiiolarietako-baten-omenaldira\/#article","isPartOf":{"@id":"https:\/\/bizkeliza.org\/eu\/noticia\/gotzaina-ekuadorrera-doa-lehenengo-euskal-misiiolarietako-baten-omenaldira\/"},"author":{"name":"dalberdi","@id":"https:\/\/bizkeliza.org\/eu\/#\/schema\/person\/acc5e302cb1997bd56026a6980544228"},"headline":"Gotzaina Ekuadorrera doa lehenengo euskal misiiolarietako baten omenaldira","datePublished":"2026-08-31T04:00:00+00:00","mainEntityOfPage":{"@id":"https:\/\/bizkeliza.org\/eu\/noticia\/gotzaina-ekuadorrera-doa-lehenengo-euskal-misiiolarietako-baten-omenaldira\/"},"wordCount":514,"publisher":{"@id":"https:\/\/bizkeliza.org\/eu\/#organization"},"image":{"@id":"https:\/\/bizkeliza.org\/eu\/noticia\/gotzaina-ekuadorrera-doa-lehenengo-euskal-misiiolarietako-baten-omenaldira\/#primaryimage"},"thumbnailUrl":"https:\/\/bizkeliza.org\/wp-content\/uploads\/2026\/08\/121e5931-82a5-420f-bb3f-bc4b4edaa11f_16-9-aspect-ratio_default_0.webp","keywords":["Ekuador","Guisasola","Misinoak"],"articleSection":["Gotzaina","Lehenengo Orrialdea"],"inLanguage":"eu-ES"},{"@type":"WebPage","@id":"https:\/\/bizkeliza.org\/eu\/noticia\/gotzaina-ekuadorrera-doa-lehenengo-euskal-misiiolarietako-baten-omenaldira\/","url":"https:\/\/bizkeliza.org\/eu\/noticia\/gotzaina-ekuadorrera-doa-lehenengo-euskal-misiiolarietako-baten-omenaldira\/","name":"Gotzaina Ekuadorrera doa lehenengo euskal misiiolarietako baten omenaldira - Bilboko Elizbarrutia - Di\u00f3cesis de Bilbao","isPartOf":{"@id":"https:\/\/bizkeliza.org\/eu\/#website"},"primaryImageOfPage":{"@id":"https:\/\/bizkeliza.org\/eu\/noticia\/gotzaina-ekuadorrera-doa-lehenengo-euskal-misiiolarietako-baten-omenaldira\/#primaryimage"},"image":{"@id":"https:\/\/bizkeliza.org\/eu\/noticia\/gotzaina-ekuadorrera-doa-lehenengo-euskal-misiiolarietako-baten-omenaldira\/#primaryimage"},"thumbnailUrl":"https:\/\/bizkeliza.org\/wp-content\/uploads\/2026\/08\/121e5931-82a5-420f-bb3f-bc4b4edaa11f_16-9-aspect-ratio_default_0.webp","datePublished":"2026-08-31T04:00:00+00:00","description":"Ekuadorrera joan ziran lehenengo euskal misiolarien ondarea Maximo Guisasolari lotuta dago. Ezagutu bere bidaia eta arrastoa.","breadcrumb":{"@id":"https:\/\/bizkeliza.org\/eu\/noticia\/gotzaina-ekuadorrera-doa-lehenengo-euskal-misiiolarietako-baten-omenaldira\/#breadcrumb"},"inLanguage":"eu-ES","potentialAction":[{"@type":"ReadAction","target":["https:\/\/bizkeliza.org\/eu\/noticia\/gotzaina-ekuadorrera-doa-lehenengo-euskal-misiiolarietako-baten-omenaldira\/"]}]},{"@type":"ImageObject","inLanguage":"eu-ES","@id":"https:\/\/bizkeliza.org\/eu\/noticia\/gotzaina-ekuadorrera-doa-lehenengo-euskal-misiiolarietako-baten-omenaldira\/#primaryimage","url":"https:\/\/bizkeliza.org\/wp-content\/uploads\/2026\/08\/121e5931-82a5-420f-bb3f-bc4b4edaa11f_16-9-aspect-ratio_default_0.webp","contentUrl":"https:\/\/bizkeliza.org\/wp-content\/uploads\/2026\/08\/121e5931-82a5-420f-bb3f-bc4b4edaa11f_16-9-aspect-ratio_default_0.webp","width":1080,"height":675,"caption":"Los miembros de la primera misi\u00f3n a Ecuador ("},{"@type":"BreadcrumbList","@id":"https:\/\/bizkeliza.org\/eu\/noticia\/gotzaina-ekuadorrera-doa-lehenengo-euskal-misiiolarietako-baten-omenaldira\/#breadcrumb","itemListElement":[{"@type":"ListItem","position":1,"name":"Portada","item":"https:\/\/bizkeliza.org\/eu\/"},{"@type":"ListItem","position":2,"name":"Gotzaina Ekuadorrera doa lehenengo euskal misiiolarietako baten omenaldira"}]},{"@type":"WebSite","@id":"https:\/\/bizkeliza.org\/eu\/#website","url":"https:\/\/bizkeliza.org\/eu\/","name":"Di\u00f3cesis de Bilbao - Web oficial del Obispado","description":"Di\u00f3cesis de Bilbao","publisher":{"@id":"https:\/\/bizkeliza.org\/eu\/#organization"},"alternateName":"Di\u00f3cesis de Bilbao","potentialAction":[{"@type":"SearchAction","target":{"@type":"EntryPoint","urlTemplate":"https:\/\/bizkeliza.org\/eu\/?s={search_term_string}"},"query-input":{"@type":"PropertyValueSpecification","valueRequired":true,"valueName":"search_term_string"}}],"inLanguage":"eu-ES"},{"@type":"Organization","@id":"https:\/\/bizkeliza.org\/eu\/#organization","name":"Di\u00f3cesis de Bilbao - Web oficial del Obispado","alternateName":"Di\u00f3cesis de Bilbao","url":"https:\/\/bizkeliza.org\/eu\/","logo":{"@type":"ImageObject","inLanguage":"eu-ES","@id":"https:\/\/bizkeliza.org\/eu\/#\/schema\/logo\/image\/","url":"https:\/\/bizkeliza.org\/wp-content\/uploads\/2022\/06\/Logo-nuevo_2024-1-scaled.jpg","contentUrl":"https:\/\/bizkeliza.org\/wp-content\/uploads\/2022\/06\/Logo-nuevo_2024-1-scaled.jpg","width":2560,"height":1024,"caption":"Di\u00f3cesis de Bilbao - Web oficial del Obispado"},"image":{"@id":"https:\/\/bizkeliza.org\/eu\/#\/schema\/logo\/image\/"},"sameAs":["https:\/\/www.facebook.com\/DiocesisBilbao\/","https:\/\/x.com\/DiocesisBilbao","https:\/\/www.instagram.com\/obispadobilbao\/","https:\/\/www.youtube.com\/user\/bilbokoelizbarrutia"],"description":"Iglesia local de Bilbao perteneciente a la Iglesia Cat\u00f3lica"},{"@type":"Person","@id":"https:\/\/bizkeliza.org\/eu\/#\/schema\/person\/acc5e302cb1997bd56026a6980544228","name":"dalberdi"}]}},"_links":{"self":[{"href":"https:\/\/bizkeliza.org\/eu\/wp-json\/wp\/v2\/posts\/196915","targetHints":{"allow":["GET"]}}],"collection":[{"href":"https:\/\/bizkeliza.org\/eu\/wp-json\/wp\/v2\/posts"}],"about":[{"href":"https:\/\/bizkeliza.org\/eu\/wp-json\/wp\/v2\/types\/post"}],"author":[{"embeddable":true,"href":"https:\/\/bizkeliza.org\/eu\/wp-json\/wp\/v2\/users\/19"}],"replies":[{"embeddable":true,"href":"https:\/\/bizkeliza.org\/eu\/wp-json\/wp\/v2\/comments?post=196915"}],"version-history":[{"count":1,"href":"https:\/\/bizkeliza.org\/eu\/wp-json\/wp\/v2\/posts\/196915\/revisions"}],"predecessor-version":[{"id":196916,"href":"https:\/\/bizkeliza.org\/eu\/wp-json\/wp\/v2\/posts\/196915\/revisions\/196916"}],"wp:featuredmedia":[{"embeddable":true,"href":"https:\/\/bizkeliza.org\/eu\/wp-json\/wp\/v2\/media\/196884"}],"wp:attachment":[{"href":"https:\/\/bizkeliza.org\/eu\/wp-json\/wp\/v2\/media?parent=196915"}],"wp:term":[{"taxonomy":"category","embeddable":true,"href":"https:\/\/bizkeliza.org\/eu\/wp-json\/wp\/v2\/categories?post=196915"},{"taxonomy":"post_tag","embeddable":true,"href":"https:\/\/bizkeliza.org\/eu\/wp-json\/wp\/v2\/tags?post=196915"}],"curies":[{"name":"wp","href":"https:\/\/api.w.org\/{rel}","templated":true}]}}