{"id":197006,"date":"2026-09-01T06:00:00","date_gmt":"2026-09-01T04:00:00","guid":{"rendered":"https:\/\/bizkeliza.org\/noticia\/bilboko-eleizbarrutiak-danona-dan-etxea-zaintzearen-aldeko-konpromisoa-barritu-egin-dau\/"},"modified":"2026-09-01T09:57:18","modified_gmt":"2026-09-01T07:57:18","slug":"bilboko-eleizbarrutiak-danona-dan-etxea-zaintzearen-aldeko-konpromisoa-barritu-egin-dau","status":"publish","type":"post","link":"https:\/\/bizkeliza.org\/eu\/noticia\/bilboko-eleizbarrutiak-danona-dan-etxea-zaintzearen-aldeko-konpromisoa-barritu-egin-dau\/","title":{"rendered":"Bilboko eleizbarrutiak danona dan etxea zaintzearen aldeko konpromisoa barritu egin dau"},"content":{"rendered":"\n<p class=\"wp-block-paragraph\"><p>Gaur, <strong>irailak 1.<\/strong> Eleizak <a href=\"https:\/\/laudatosiweek.org\/es\/\"><strong>Kreazinoaren Zaintzaren aldeko Munduko Otoitz Eguna <\/strong><\/a>ospatzen dihardu eta asmo horren alde eskatuko dau <strong>urriaren 4ra arte,<\/strong> hau da Asisko San Frantzisko egunera arte.\u00a0 Aurton, gainera, esangura berezia dauka, kreazinoaren zaintzan mundu osoan eredu dan eta soiltasun eta senidetasunez betetako bizitza eroan eban <strong>Asisko santuaren heriotzaren 800. urteurrena<\/strong> ospatzen da-eta.<\/p><\/p>\n\n<p class=\"wp-block-paragraph\"><p>Lehenengo egun honetan, Leon XIV.a aita santua buru izango da Kreazinoaren zaintzaren aldeko Mezan, 18:30etan, Madonnina lorategian, Borgo Laudato si&#8217; dalakoan, Castel Gandolfo aita santuaren atseden-egoitzako lorategietan. Eleizkizunean, \u00abKreazinoaren zaintzaren aldeko Meza\u00bb erabiliko da, hain zuzen be, Vatikanoko hainbat erakunderen bateraoko lanaren emaitzan dan formula.<\/p><\/p>\n\n<h3 id=\"h-un-camino-que-tambien-se-concreta-en-bizkaia\" class=\"wp-block-heading\">Bizkaian be zehazten dan bidea<\/h3>\n\n<p class=\"wp-block-paragraph\"><p>Mundu osoko ospakizun hau <strong>Bilboko eleizbarrutian<\/strong> be islatzen da, azken urteetan egiten ari dan bidean, azken kurtsoan, <strong>Osoko Ekologiarako Elizbarrutiko Batzordearen<\/strong> bidez. Laudato si&#8217; agiriaren uste sendoa da batzordearen ikuspuntuaren abiapuntua: &#8220;<em><strong>dana dago lotuta&#8221;.<\/strong> <\/em>Ez dira bereizitako krisi bi -ingurumenarena eta gizartearena-, krisi bakar eta korapilatsua baino.<\/p><\/p>\n\n<p class=\"wp-block-paragraph\">Ikuspuntu honetatik, osoko ekologia kristau fedearen funtsezko alderditzat jotzen da. Garapen jasangarria ez da teknikaren edo ingurumenaren kontua bakarrik, besteak beste, pertsonen duintasuna, gizarte zuzentasuna, kreazinoaren zaintza eta oraingo eta geroko belaunaldien ona lotzen ditualako.<\/p>\n\n<p class=\"wp-block-paragraph\"><p><strong>Estrella Moreno, Ana Sofi Telletxea, Luis Mari Vega <\/strong>eta<strong> Roberto Vidal <\/strong>dira eleizbarrutiko Batzordeko kideak eta sentiberatasuna bizteko, heziketarako eta akonpainamendurako askotariko ekimenak garatzen dihardu. Horreen bitartez, begirada hau eleizbarrutiko alkarte eta egituretara eroan gura da.\u00a0<\/p><\/p>\n\n<h3 id=\"h-de-la-reflexion-a-los-compromisos-concretos\" class=\"wp-block-heading\">Gogoetatik konpromiso zehatzetara<\/h3>\n\n<p class=\"wp-block-paragraph\"><p>Hain zuzen be, gogoetatik praktikara pasatzea da eleizbarrutiko taldearen helburuetako bat, osoko ekologia adierazpen edo ekintza bakar batzuetara murriztea saihestuz. Honen haritik, urte honetan hilero argitaratu izan da <em>Alkarren Barri<\/em> aldizkarian gai honi eskeinitako artikuluren bat <strong>Laudato si&#8217; helburuetan<\/strong> sakontzeko. Bertan, Bibliaren ikuspuntua, Eleizaren Doktrina Soziala, Bizkaiko kristau alkarteeetatik jasotako lekukotasunak eta kristau bizitzarako proposamen zehatzak alkartzen dira.<\/p><\/p>\n\n<figure class=\"wp-block-embed aligncenter is-type-rich is-provider-issuu wp-block-embed-issuu\"><div class=\"wp-block-embed__wrapper\">\r\n<iframe title=\"Ecolog\u00eda Integral\" src=\"https:\/\/e.issuu.com\/embed.html?u=barriatv&#038;d=ecolog_a_integral\" style=\"border:none; width: 1080px; height: 828px;\" allow=\"clipboard-write,allow-top-navigation,allow-top-navigation-by-user-activation,allow-downloads,allow-scripts,allow-same-origin,allow-popups,allow-modals,allow-popups-to-escape-sandbox,allow-forms\"  allowfullscreen=\"true\"><\/iframe>\r\n<\/div><\/figure><br>\n\n<p class=\"wp-block-paragraph\"><p>Lana batzar eta heziketarako guneetan be landu izan da. Esate baterako, Eleizbarrutiko Teologia eta Pastoraltza Institutuak (ETPI) eta Karidade eta Zuzentasunerako Ordezkaritzak <a href=\"https:\/\/bizkeliza.org\/eu\/noticia\/bilboko-eleizbarrutiak-osoko-ekologiari-buruzko-alkarrizketa-sustatzen-dihardu-gizarte-mobimentuetan\/\">Laudato si&#8217; agiriaren eta osoko ekologiaren esperientzia zuzenen inguruko jardunaldia <\/a>antolatu eben, hainbat arlotako -ingurumena, gizarte ekonomia eta energia barriztagarria- ordezkarien parte-hartzeagaz. &#8220;Sentsibilitatetik bihurtzera&#8221; igarotzea eta &#8220;banakako ekimenetatik baterako prozesuetara&#8221; jotzea ezinbesteko dala kusi zan.<\/p><\/p>\n\n<figure class=\"wp-block-embed is-type-wp-embed is-provider-bilboko-elizbarrutia-di-cesis-de-bilbao wp-block-embed-bilboko-elizbarrutia-di-cesis-de-bilbao\"><div class=\"wp-block-embed__wrapper\">\r\n<blockquote class=\"wp-embedded-content\" data-secret=\"ZBdr4mAvNj\"><a href=\"https:\/\/bizkeliza.org\/eu\/noticia\/bilboko-eleizbarrutiak-osoko-ekologiari-buruzko-alkarrizketa-sustatzen-dihardu-gizarte-mobimentuetan\/\">La di\u00f3cesis de Bilbao impulsa el di\u00e1logo sobre ecolog\u00eda integral entre los movimientos sociales<\/a><\/blockquote><iframe loading=\"lazy\" class=\"wp-embedded-content\" sandbox=\"allow-scripts\" security=\"restricted\" style=\"position: absolute; visibility: hidden;\" title=\"\u201cLa di\u00f3cesis de Bilbao impulsa el di\u00e1logo sobre ecolog\u00eda integral entre los movimientos sociales\u201d \u2014 Bilboko Elizbarrutia - Di\u00f3cesis de Bilbao\" src=\"https:\/\/bizkeliza.org\/eu\/noticia\/bilboko-eleizbarrutiak-osoko-ekologiari-buruzko-alkarrizketa-sustatzen-dihardu-gizarte-mobimentuetan\/embed\/#?secret=W6CXsEvspd#?secret=ZBdr4mAvNj\" data-secret=\"ZBdr4mAvNj\" width=\"600\" height=\"338\" frameborder=\"0\" marginwidth=\"0\" marginheight=\"0\" scrolling=\"no\"><\/iframe>\r\n<\/div><\/figure><br>\n\n<p class=\"wp-block-paragraph\"><p>Aurkeztutako esperientzien artean, <strong>Santutxu Pastoral Barrutiaren<\/strong> ekimena dago. Pastoral Barruti honetan, energia barriztagarriaren kooperatibagaz kontratatu dabe parrokietarako horniketa elektrikoa. Aurretik, alkarte ibilbidea egin dabe, sentiberatasuna biztuz, bereizketa eginez eta aukerak bilatuz. Bost parrokiek batera emon dabez urratsak norabide honetan.<\/p><\/p>\n\n<figure class=\"wp-block-image size-full\"><img decoding=\"async\" width=\"800\" height=\"504\" src=\"https:\/\/bizkeliza.org\/wp-content\/uploads\/19-pexels-akil-mazumder-1072824-e1783057652655.jpg\" alt=\"epti. Ekologia\" class=\"wp-image-128387\" srcset=\"https:\/\/bizkeliza.org\/wp-content\/uploads\/19-pexels-akil-mazumder-1072824-e1783057652655.jpg 800w, https:\/\/bizkeliza.org\/wp-content\/uploads\/19-pexels-akil-mazumder-1072824-e1783057652655-480x270.jpg 480w\" sizes=\"(min-width: 0px) and (max-width: 480px) 480px, (min-width: 481px) 800px, 100vw\" \/><\/figure>\n\n<p class=\"wp-block-paragraph\"><p>\u00a0<\/p><\/p>\n\n<h3 id=\"h-la-educacion\" class=\"wp-block-heading\">Heziketa<\/h3>\n\n<p class=\"wp-block-paragraph\"><p>Heziketak be leku nabarmenda dau. Batzordearen ustez, osoko ekologiarako heztea, errealitatea zaintzeko, kritikoki pentsatzeko eta gizarte zuzentasunaren eta danona dan etxearen zaintzaren alde konprometitzeko gauza diran pertsonak heztea da. Ikuspuntu hau <strong>Euskalerriko Eskautak Bizkaia<\/strong> mobimentuaren esperientziei lotuta lantzen dihardue, besteak beste. Mobimentuan, izadiagazko lotura, izadia heziketarako eremutzat hartuta ulertzen da eta soiltasuna, baterako erantzukizuna eta alkartasuna prozesuaren zutabe dira.\u00a0<\/p><\/p>\n\n<figure class=\"wp-block-image size-full\"><img decoding=\"async\" width=\"800\" height=\"600\" src=\"https:\/\/bizkeliza.org\/wp-content\/uploads\/La_Arboleda_02-9.jpeg\" alt=\"\" class=\"wp-image-94927\" srcset=\"https:\/\/bizkeliza.org\/wp-content\/uploads\/La_Arboleda_02-9.jpeg 800w, https:\/\/bizkeliza.org\/wp-content\/uploads\/La_Arboleda_02-9-480x360.jpeg 480w\" sizes=\"(min-width: 0px) and (max-width: 480px) 480px, (min-width: 481px) 800px, 100vw\" \/><figcaption class=\"wp-element-caption\">Euskalerriko Eskautak Bizkaia movimentuak garbiketa-eguna antolatu eban La Arboledan<\/figcaption><\/figure>\n\n<h3 id=\"h-una-conversion-que-implica-a-toda-la-comunidad-cristiana\" class=\"wp-block-heading\">Kristau alkarte osoaren konpromisoa eskatzen dauan bihurtzea<\/h3>\n\n<p class=\"wp-block-paragraph\"><p>Munduko Egun honek gogoratzen deuskunez, kreazinoaren zaintza ez da kristau bizitzari eransten jakon zerbait. Eleizbarrutiko Batzordeak bere hausnarketan gogoratu ebanez,\u00a0<em><strong>&#8220;gaur, danona dan etxea zaintzea kristau iragarpenaren funtsezko alderdi da&#8221;.\u00a0<\/strong><\/em>Bizimoduan, ekonomia-erabakietan, eleiz erakundeetan, heziketan eta ahulenakazko hartu-emonetan eragina dauan deia da.\u00a0<\/p><\/p>\n\n<p class=\"wp-block-paragraph\"><p>Honen haritik, <strong>Alessandra Smereli<\/strong> monja salestar eta ekonomilariak Bilbora egin eban bisitaldian, eleiz egituretan be nahitaez berrikusi behar dira jarduketak: kontsumitzen dabezan energiak, bitartekoen erabilera eta ekonomia-erabakiak. <strong>Smerillik <em>&#8220;sakramentu-koherentzia&#8221;<\/em><\/strong> aitatuz laburbildu eban planteamentua: Eleizak hots egiten dauana egiten dauan gauzetan be agertu daitela.\u00a0<\/p><\/p>\n\n<figure class=\"wp-block-image size-large\"><img decoding=\"async\" width=\"1024\" height=\"640\" src=\"https:\/\/bizkeliza.org\/wp-content\/uploads\/2026\/06\/Smerilli-3-1024x640.webp\" alt=\"Alessandra Smerilli\" class=\"wp-image-193835\" srcset=\"https:\/\/bizkeliza.org\/wp-content\/uploads\/2026\/06\/Smerilli-3-1024x640.webp 1024w, https:\/\/bizkeliza.org\/wp-content\/uploads\/2026\/06\/Smerilli-3-980x613.webp 980w, https:\/\/bizkeliza.org\/wp-content\/uploads\/2026\/06\/Smerilli-3-480x300.webp 480w\" sizes=\"(min-width: 0px) and (max-width: 480px) 480px, (min-width: 481px) and (max-width: 980px) 980px, (min-width: 981px) 1024px, 100vw\" \/><figcaption class=\"wp-element-caption\">Alessandra Smerillik alkarrizketa eskeini eutson Alkarren Barri aldizkariari<\/figcaption><\/figure>\n\n<p class=\"wp-block-paragraph\"><p>Irailaren 1ean, mundu osoko Eleizak kreazinoa arreta jarri eta bere zaintzaren alde otoitz egiten dauan egunean, Bilboko Eleizbarrutiak kontu honen inguruko konpromisoa barritu egin gura dau. <strong>Fede eta bizitza, zuzentasuna eta zaintza, bihurtze pertsonal eta alkarte eraldaketa<\/strong> lotu gura dituan bidea da eta hortik aurrera egin gura da bizitzeko egokiagoa dan eta zuzentasun eta senidetasun gehiago agertuko dauan etxea eratzeko.<\/p><\/p>\n\n<p class=\"wp-block-paragraph\"><\/p>\n","protected":false},"excerpt":{"rendered":"<p>Kreazinoaren Eguna dala-eta, Osoko Ekologiarako Bilboko Eleizbarrutiko Batzordeak kristau alkarteetan sentiberatasuna biztearen, heziketaren eta bihurtze ekologikoaren aldeko bidea bultzatzen jarraitzen dau.<\/p>\n","protected":false},"author":19,"featured_media":25622,"comment_status":"closed","ping_status":"closed","sticky":false,"template":"","format":"standard","meta":{"_acf_changed":false,"_et_pb_use_builder":"off","_et_pb_old_content":"","_et_gb_content_width":"","footnotes":""},"categories":[506],"tags":[642,1331],"class_list":["post-197006","post","type-post","status-publish","format-standard","has-post-thumbnail","hentry","category-lehenengo-orrialdea","tag-laudato-si-eu","tag-osoko-ekologia"],"acf":[],"yoast_head":"<!-- This site is optimized with the Yoast SEO Premium plugin v28.1 (Yoast SEO v28.1) - https:\/\/yoast.com\/product\/yoast-seo-premium-wordpress\/ -->\n<title>Bilboko eleizbarrutiak danona dan etxea zaintzearen aldeko konpromisoa barritu egin dau - Bilboko Elizbarrutia - Di\u00f3cesis de Bilbao<\/title>\n<meta name=\"description\" content=\"Gaur, Kreazinoaren Zaintzaren aldeko Munduko Otoitz eguna da. Ezagutu danona dan etxea eta aurton dauan esangura berezia.\" \/>\n<meta name=\"robots\" content=\"index, follow, max-snippet:-1, max-image-preview:large, max-video-preview:-1\" \/>\n<link rel=\"canonical\" href=\"https:\/\/bizkeliza.org\/eu\/noticia\/bilboko-eleizbarrutiak-danona-dan-etxea-zaintzearen-aldeko-konpromisoa-barritu-egin-dau\/\" \/>\n<meta property=\"og:locale\" content=\"eu_ES\" \/>\n<meta property=\"og:type\" content=\"article\" \/>\n<meta property=\"og:title\" content=\"Bilboko eleizbarrutiak danona dan etxea zaintzearen aldeko konpromisoa barritu egin dau\" \/>\n<meta property=\"og:description\" content=\"Gaur, Kreazinoaren Zaintzaren aldeko Munduko Otoitz eguna da. Ezagutu danona dan etxea eta aurton dauan esangura berezia.\" \/>\n<meta property=\"og:url\" content=\"https:\/\/bizkeliza.org\/eu\/noticia\/bilboko-eleizbarrutiak-danona-dan-etxea-zaintzearen-aldeko-konpromisoa-barritu-egin-dau\/\" \/>\n<meta property=\"og:site_name\" content=\"Bilboko Elizbarrutia - Di\u00f3cesis de Bilbao\" \/>\n<meta property=\"article:publisher\" content=\"https:\/\/www.facebook.com\/DiocesisBilbao\/\" \/>\n<meta property=\"article:published_time\" content=\"2026-09-01T04:00:00+00:00\" \/>\n<meta property=\"article:modified_time\" content=\"2026-09-01T07:57:18+00:00\" \/>\n<meta property=\"og:image\" content=\"https:\/\/bizkeliza.org\/wp-content\/uploads\/laudato_si-1.jpeg\" \/>\n\t<meta property=\"og:image:width\" content=\"750\" \/>\n\t<meta property=\"og:image:height\" content=\"422\" \/>\n\t<meta property=\"og:image:type\" content=\"image\/jpeg\" \/>\n<meta name=\"author\" content=\"dalberdi\" \/>\n<meta name=\"twitter:card\" content=\"summary_large_image\" \/>\n<meta name=\"twitter:creator\" content=\"@DiocesisBilbao\" \/>\n<meta name=\"twitter:site\" content=\"@DiocesisBilbao\" \/>\n<script type=\"application\/ld+json\" class=\"yoast-schema-graph\">{\"@context\":\"https:\\\/\\\/schema.org\",\"@graph\":[{\"@type\":\"Article\",\"@id\":\"https:\\\/\\\/bizkeliza.org\\\/eu\\\/noticia\\\/bilboko-eleizbarrutiak-danona-dan-etxea-zaintzearen-aldeko-konpromisoa-barritu-egin-dau\\\/#article\",\"isPartOf\":{\"@id\":\"https:\\\/\\\/bizkeliza.org\\\/eu\\\/noticia\\\/bilboko-eleizbarrutiak-danona-dan-etxea-zaintzearen-aldeko-konpromisoa-barritu-egin-dau\\\/\"},\"author\":{\"name\":\"dalberdi\",\"@id\":\"https:\\\/\\\/bizkeliza.org\\\/eu\\\/#\\\/schema\\\/person\\\/acc5e302cb1997bd56026a6980544228\"},\"headline\":\"Bilboko eleizbarrutiak danona dan etxea zaintzearen aldeko konpromisoa barritu egin dau\",\"datePublished\":\"2026-09-01T04:00:00+00:00\",\"dateModified\":\"2026-09-01T07:57:18+00:00\",\"mainEntityOfPage\":{\"@id\":\"https:\\\/\\\/bizkeliza.org\\\/eu\\\/noticia\\\/bilboko-eleizbarrutiak-danona-dan-etxea-zaintzearen-aldeko-konpromisoa-barritu-egin-dau\\\/\"},\"wordCount\":631,\"publisher\":{\"@id\":\"https:\\\/\\\/bizkeliza.org\\\/eu\\\/#organization\"},\"image\":{\"@id\":\"https:\\\/\\\/bizkeliza.org\\\/eu\\\/noticia\\\/bilboko-eleizbarrutiak-danona-dan-etxea-zaintzearen-aldeko-konpromisoa-barritu-egin-dau\\\/#primaryimage\"},\"thumbnailUrl\":\"https:\\\/\\\/bizkeliza.org\\\/wp-content\\\/uploads\\\/laudato_si-1.jpeg\",\"keywords\":[\"Laudato Si\",\"Osoko ekologia\"],\"articleSection\":[\"Lehenengo Orrialdea\"],\"inLanguage\":\"eu-ES\"},{\"@type\":\"WebPage\",\"@id\":\"https:\\\/\\\/bizkeliza.org\\\/eu\\\/noticia\\\/bilboko-eleizbarrutiak-danona-dan-etxea-zaintzearen-aldeko-konpromisoa-barritu-egin-dau\\\/\",\"url\":\"https:\\\/\\\/bizkeliza.org\\\/eu\\\/noticia\\\/bilboko-eleizbarrutiak-danona-dan-etxea-zaintzearen-aldeko-konpromisoa-barritu-egin-dau\\\/\",\"name\":\"Bilboko eleizbarrutiak danona dan etxea zaintzearen aldeko konpromisoa barritu egin dau - Bilboko Elizbarrutia - Di\u00f3cesis de Bilbao\",\"isPartOf\":{\"@id\":\"https:\\\/\\\/bizkeliza.org\\\/eu\\\/#website\"},\"primaryImageOfPage\":{\"@id\":\"https:\\\/\\\/bizkeliza.org\\\/eu\\\/noticia\\\/bilboko-eleizbarrutiak-danona-dan-etxea-zaintzearen-aldeko-konpromisoa-barritu-egin-dau\\\/#primaryimage\"},\"image\":{\"@id\":\"https:\\\/\\\/bizkeliza.org\\\/eu\\\/noticia\\\/bilboko-eleizbarrutiak-danona-dan-etxea-zaintzearen-aldeko-konpromisoa-barritu-egin-dau\\\/#primaryimage\"},\"thumbnailUrl\":\"https:\\\/\\\/bizkeliza.org\\\/wp-content\\\/uploads\\\/laudato_si-1.jpeg\",\"datePublished\":\"2026-09-01T04:00:00+00:00\",\"dateModified\":\"2026-09-01T07:57:18+00:00\",\"description\":\"Gaur, Kreazinoaren Zaintzaren aldeko Munduko Otoitz eguna da. Ezagutu danona dan etxea eta aurton dauan esangura berezia.\",\"breadcrumb\":{\"@id\":\"https:\\\/\\\/bizkeliza.org\\\/eu\\\/noticia\\\/bilboko-eleizbarrutiak-danona-dan-etxea-zaintzearen-aldeko-konpromisoa-barritu-egin-dau\\\/#breadcrumb\"},\"inLanguage\":\"eu-ES\",\"potentialAction\":[{\"@type\":\"ReadAction\",\"target\":[\"https:\\\/\\\/bizkeliza.org\\\/eu\\\/noticia\\\/bilboko-eleizbarrutiak-danona-dan-etxea-zaintzearen-aldeko-konpromisoa-barritu-egin-dau\\\/\"]}]},{\"@type\":\"ImageObject\",\"inLanguage\":\"eu-ES\",\"@id\":\"https:\\\/\\\/bizkeliza.org\\\/eu\\\/noticia\\\/bilboko-eleizbarrutiak-danona-dan-etxea-zaintzearen-aldeko-konpromisoa-barritu-egin-dau\\\/#primaryimage\",\"url\":\"https:\\\/\\\/bizkeliza.org\\\/wp-content\\\/uploads\\\/laudato_si-1.jpeg\",\"contentUrl\":\"https:\\\/\\\/bizkeliza.org\\\/wp-content\\\/uploads\\\/laudato_si-1.jpeg\",\"width\":750,\"height\":422},{\"@type\":\"BreadcrumbList\",\"@id\":\"https:\\\/\\\/bizkeliza.org\\\/eu\\\/noticia\\\/bilboko-eleizbarrutiak-danona-dan-etxea-zaintzearen-aldeko-konpromisoa-barritu-egin-dau\\\/#breadcrumb\",\"itemListElement\":[{\"@type\":\"ListItem\",\"position\":1,\"name\":\"Portada\",\"item\":\"https:\\\/\\\/bizkeliza.org\\\/eu\\\/\"},{\"@type\":\"ListItem\",\"position\":2,\"name\":\"Bilboko eleizbarrutiak danona dan etxea zaintzearen aldeko konpromisoa barritu egin dau\"}]},{\"@type\":\"WebSite\",\"@id\":\"https:\\\/\\\/bizkeliza.org\\\/eu\\\/#website\",\"url\":\"https:\\\/\\\/bizkeliza.org\\\/eu\\\/\",\"name\":\"Di\u00f3cesis de Bilbao - Web oficial del Obispado\",\"description\":\"Di\u00f3cesis de Bilbao\",\"publisher\":{\"@id\":\"https:\\\/\\\/bizkeliza.org\\\/eu\\\/#organization\"},\"alternateName\":\"Di\u00f3cesis de Bilbao\",\"potentialAction\":[{\"@type\":\"SearchAction\",\"target\":{\"@type\":\"EntryPoint\",\"urlTemplate\":\"https:\\\/\\\/bizkeliza.org\\\/eu\\\/?s={search_term_string}\"},\"query-input\":{\"@type\":\"PropertyValueSpecification\",\"valueRequired\":true,\"valueName\":\"search_term_string\"}}],\"inLanguage\":\"eu-ES\"},{\"@type\":\"Organization\",\"@id\":\"https:\\\/\\\/bizkeliza.org\\\/eu\\\/#organization\",\"name\":\"Di\u00f3cesis de Bilbao - Web oficial del Obispado\",\"alternateName\":\"Di\u00f3cesis de Bilbao\",\"url\":\"https:\\\/\\\/bizkeliza.org\\\/eu\\\/\",\"logo\":{\"@type\":\"ImageObject\",\"inLanguage\":\"eu-ES\",\"@id\":\"https:\\\/\\\/bizkeliza.org\\\/eu\\\/#\\\/schema\\\/logo\\\/image\\\/\",\"url\":\"https:\\\/\\\/bizkeliza.org\\\/wp-content\\\/uploads\\\/2022\\\/06\\\/Logo-nuevo_2024-1-scaled.jpg\",\"contentUrl\":\"https:\\\/\\\/bizkeliza.org\\\/wp-content\\\/uploads\\\/2022\\\/06\\\/Logo-nuevo_2024-1-scaled.jpg\",\"width\":2560,\"height\":1024,\"caption\":\"Di\u00f3cesis de Bilbao - Web oficial del Obispado\"},\"image\":{\"@id\":\"https:\\\/\\\/bizkeliza.org\\\/eu\\\/#\\\/schema\\\/logo\\\/image\\\/\"},\"sameAs\":[\"https:\\\/\\\/www.facebook.com\\\/DiocesisBilbao\\\/\",\"https:\\\/\\\/x.com\\\/DiocesisBilbao\",\"https:\\\/\\\/www.instagram.com\\\/obispadobilbao\\\/\",\"https:\\\/\\\/www.youtube.com\\\/user\\\/bilbokoelizbarrutia\"],\"description\":\"Iglesia local de Bilbao perteneciente a la Iglesia Cat\u00f3lica\"},{\"@type\":\"Person\",\"@id\":\"https:\\\/\\\/bizkeliza.org\\\/eu\\\/#\\\/schema\\\/person\\\/acc5e302cb1997bd56026a6980544228\",\"name\":\"dalberdi\"}]}<\/script>\n<!-- \/ Yoast SEO Premium plugin. -->","yoast_head_json":{"title":"Bilboko eleizbarrutiak danona dan etxea zaintzearen aldeko konpromisoa barritu egin dau - Bilboko Elizbarrutia - Di\u00f3cesis de Bilbao","description":"Gaur, Kreazinoaren Zaintzaren aldeko Munduko Otoitz eguna da. Ezagutu danona dan etxea eta aurton dauan esangura berezia.","robots":{"index":"index","follow":"follow","max-snippet":"max-snippet:-1","max-image-preview":"max-image-preview:large","max-video-preview":"max-video-preview:-1"},"canonical":"https:\/\/bizkeliza.org\/eu\/noticia\/bilboko-eleizbarrutiak-danona-dan-etxea-zaintzearen-aldeko-konpromisoa-barritu-egin-dau\/","og_locale":"eu_ES","og_type":"article","og_title":"Bilboko eleizbarrutiak danona dan etxea zaintzearen aldeko konpromisoa barritu egin dau","og_description":"Gaur, Kreazinoaren Zaintzaren aldeko Munduko Otoitz eguna da. Ezagutu danona dan etxea eta aurton dauan esangura berezia.","og_url":"https:\/\/bizkeliza.org\/eu\/noticia\/bilboko-eleizbarrutiak-danona-dan-etxea-zaintzearen-aldeko-konpromisoa-barritu-egin-dau\/","og_site_name":"Bilboko Elizbarrutia - Di\u00f3cesis de Bilbao","article_publisher":"https:\/\/www.facebook.com\/DiocesisBilbao\/","article_published_time":"2026-09-01T04:00:00+00:00","article_modified_time":"2026-09-01T07:57:18+00:00","og_image":[{"width":750,"height":422,"url":"https:\/\/bizkeliza.org\/wp-content\/uploads\/laudato_si-1.jpeg","type":"image\/jpeg"}],"author":"dalberdi","twitter_card":"summary_large_image","twitter_creator":"@DiocesisBilbao","twitter_site":"@DiocesisBilbao","schema":{"@context":"https:\/\/schema.org","@graph":[{"@type":"Article","@id":"https:\/\/bizkeliza.org\/eu\/noticia\/bilboko-eleizbarrutiak-danona-dan-etxea-zaintzearen-aldeko-konpromisoa-barritu-egin-dau\/#article","isPartOf":{"@id":"https:\/\/bizkeliza.org\/eu\/noticia\/bilboko-eleizbarrutiak-danona-dan-etxea-zaintzearen-aldeko-konpromisoa-barritu-egin-dau\/"},"author":{"name":"dalberdi","@id":"https:\/\/bizkeliza.org\/eu\/#\/schema\/person\/acc5e302cb1997bd56026a6980544228"},"headline":"Bilboko eleizbarrutiak danona dan etxea zaintzearen aldeko konpromisoa barritu egin dau","datePublished":"2026-09-01T04:00:00+00:00","dateModified":"2026-09-01T07:57:18+00:00","mainEntityOfPage":{"@id":"https:\/\/bizkeliza.org\/eu\/noticia\/bilboko-eleizbarrutiak-danona-dan-etxea-zaintzearen-aldeko-konpromisoa-barritu-egin-dau\/"},"wordCount":631,"publisher":{"@id":"https:\/\/bizkeliza.org\/eu\/#organization"},"image":{"@id":"https:\/\/bizkeliza.org\/eu\/noticia\/bilboko-eleizbarrutiak-danona-dan-etxea-zaintzearen-aldeko-konpromisoa-barritu-egin-dau\/#primaryimage"},"thumbnailUrl":"https:\/\/bizkeliza.org\/wp-content\/uploads\/laudato_si-1.jpeg","keywords":["Laudato Si","Osoko ekologia"],"articleSection":["Lehenengo Orrialdea"],"inLanguage":"eu-ES"},{"@type":"WebPage","@id":"https:\/\/bizkeliza.org\/eu\/noticia\/bilboko-eleizbarrutiak-danona-dan-etxea-zaintzearen-aldeko-konpromisoa-barritu-egin-dau\/","url":"https:\/\/bizkeliza.org\/eu\/noticia\/bilboko-eleizbarrutiak-danona-dan-etxea-zaintzearen-aldeko-konpromisoa-barritu-egin-dau\/","name":"Bilboko eleizbarrutiak danona dan etxea zaintzearen aldeko konpromisoa barritu egin dau - Bilboko Elizbarrutia - Di\u00f3cesis de Bilbao","isPartOf":{"@id":"https:\/\/bizkeliza.org\/eu\/#website"},"primaryImageOfPage":{"@id":"https:\/\/bizkeliza.org\/eu\/noticia\/bilboko-eleizbarrutiak-danona-dan-etxea-zaintzearen-aldeko-konpromisoa-barritu-egin-dau\/#primaryimage"},"image":{"@id":"https:\/\/bizkeliza.org\/eu\/noticia\/bilboko-eleizbarrutiak-danona-dan-etxea-zaintzearen-aldeko-konpromisoa-barritu-egin-dau\/#primaryimage"},"thumbnailUrl":"https:\/\/bizkeliza.org\/wp-content\/uploads\/laudato_si-1.jpeg","datePublished":"2026-09-01T04:00:00+00:00","dateModified":"2026-09-01T07:57:18+00:00","description":"Gaur, Kreazinoaren Zaintzaren aldeko Munduko Otoitz eguna da. Ezagutu danona dan etxea eta aurton dauan esangura berezia.","breadcrumb":{"@id":"https:\/\/bizkeliza.org\/eu\/noticia\/bilboko-eleizbarrutiak-danona-dan-etxea-zaintzearen-aldeko-konpromisoa-barritu-egin-dau\/#breadcrumb"},"inLanguage":"eu-ES","potentialAction":[{"@type":"ReadAction","target":["https:\/\/bizkeliza.org\/eu\/noticia\/bilboko-eleizbarrutiak-danona-dan-etxea-zaintzearen-aldeko-konpromisoa-barritu-egin-dau\/"]}]},{"@type":"ImageObject","inLanguage":"eu-ES","@id":"https:\/\/bizkeliza.org\/eu\/noticia\/bilboko-eleizbarrutiak-danona-dan-etxea-zaintzearen-aldeko-konpromisoa-barritu-egin-dau\/#primaryimage","url":"https:\/\/bizkeliza.org\/wp-content\/uploads\/laudato_si-1.jpeg","contentUrl":"https:\/\/bizkeliza.org\/wp-content\/uploads\/laudato_si-1.jpeg","width":750,"height":422},{"@type":"BreadcrumbList","@id":"https:\/\/bizkeliza.org\/eu\/noticia\/bilboko-eleizbarrutiak-danona-dan-etxea-zaintzearen-aldeko-konpromisoa-barritu-egin-dau\/#breadcrumb","itemListElement":[{"@type":"ListItem","position":1,"name":"Portada","item":"https:\/\/bizkeliza.org\/eu\/"},{"@type":"ListItem","position":2,"name":"Bilboko eleizbarrutiak danona dan etxea zaintzearen aldeko konpromisoa barritu egin dau"}]},{"@type":"WebSite","@id":"https:\/\/bizkeliza.org\/eu\/#website","url":"https:\/\/bizkeliza.org\/eu\/","name":"Di\u00f3cesis de Bilbao - Web oficial del Obispado","description":"Di\u00f3cesis de Bilbao","publisher":{"@id":"https:\/\/bizkeliza.org\/eu\/#organization"},"alternateName":"Di\u00f3cesis de Bilbao","potentialAction":[{"@type":"SearchAction","target":{"@type":"EntryPoint","urlTemplate":"https:\/\/bizkeliza.org\/eu\/?s={search_term_string}"},"query-input":{"@type":"PropertyValueSpecification","valueRequired":true,"valueName":"search_term_string"}}],"inLanguage":"eu-ES"},{"@type":"Organization","@id":"https:\/\/bizkeliza.org\/eu\/#organization","name":"Di\u00f3cesis de Bilbao - Web oficial del Obispado","alternateName":"Di\u00f3cesis de Bilbao","url":"https:\/\/bizkeliza.org\/eu\/","logo":{"@type":"ImageObject","inLanguage":"eu-ES","@id":"https:\/\/bizkeliza.org\/eu\/#\/schema\/logo\/image\/","url":"https:\/\/bizkeliza.org\/wp-content\/uploads\/2022\/06\/Logo-nuevo_2024-1-scaled.jpg","contentUrl":"https:\/\/bizkeliza.org\/wp-content\/uploads\/2022\/06\/Logo-nuevo_2024-1-scaled.jpg","width":2560,"height":1024,"caption":"Di\u00f3cesis de Bilbao - Web oficial del Obispado"},"image":{"@id":"https:\/\/bizkeliza.org\/eu\/#\/schema\/logo\/image\/"},"sameAs":["https:\/\/www.facebook.com\/DiocesisBilbao\/","https:\/\/x.com\/DiocesisBilbao","https:\/\/www.instagram.com\/obispadobilbao\/","https:\/\/www.youtube.com\/user\/bilbokoelizbarrutia"],"description":"Iglesia local de Bilbao perteneciente a la Iglesia Cat\u00f3lica"},{"@type":"Person","@id":"https:\/\/bizkeliza.org\/eu\/#\/schema\/person\/acc5e302cb1997bd56026a6980544228","name":"dalberdi"}]}},"_links":{"self":[{"href":"https:\/\/bizkeliza.org\/eu\/wp-json\/wp\/v2\/posts\/197006","targetHints":{"allow":["GET"]}}],"collection":[{"href":"https:\/\/bizkeliza.org\/eu\/wp-json\/wp\/v2\/posts"}],"about":[{"href":"https:\/\/bizkeliza.org\/eu\/wp-json\/wp\/v2\/types\/post"}],"author":[{"embeddable":true,"href":"https:\/\/bizkeliza.org\/eu\/wp-json\/wp\/v2\/users\/19"}],"replies":[{"embeddable":true,"href":"https:\/\/bizkeliza.org\/eu\/wp-json\/wp\/v2\/comments?post=197006"}],"version-history":[{"count":1,"href":"https:\/\/bizkeliza.org\/eu\/wp-json\/wp\/v2\/posts\/197006\/revisions"}],"predecessor-version":[{"id":197007,"href":"https:\/\/bizkeliza.org\/eu\/wp-json\/wp\/v2\/posts\/197006\/revisions\/197007"}],"wp:featuredmedia":[{"embeddable":true,"href":"https:\/\/bizkeliza.org\/eu\/wp-json\/wp\/v2\/media\/25622"}],"wp:attachment":[{"href":"https:\/\/bizkeliza.org\/eu\/wp-json\/wp\/v2\/media?parent=197006"}],"wp:term":[{"taxonomy":"category","embeddable":true,"href":"https:\/\/bizkeliza.org\/eu\/wp-json\/wp\/v2\/categories?post=197006"},{"taxonomy":"post_tag","embeddable":true,"href":"https:\/\/bizkeliza.org\/eu\/wp-json\/wp\/v2\/tags?post=197006"}],"curies":[{"name":"wp","href":"https:\/\/api.w.org\/{rel}","templated":true}]}}