{"id":59618,"date":"2023-03-06T11:00:21","date_gmt":"2023-03-06T10:00:21","guid":{"rendered":"https:\/\/bizkeliza.org\/noticia\/celebraciones-formacion-retiro-y-encuentro-en-este-fin-de-semana\/"},"modified":"2023-03-07T13:02:32","modified_gmt":"2023-03-07T12:02:32","slug":"celebraciones-formacion-retiro-y-encuentro-en-este-fin-de-semana","status":"publish","type":"post","link":"https:\/\/bizkeliza.org\/eu\/noticia\/celebraciones-formacion-retiro-y-encuentro-en-este-fin-de-semana\/","title":{"rendered":"Asteburuan, ospakizunak, heziketa, erretiroa eta topaketa"},"content":{"rendered":"\n<p><p>Hispanoamerikaren Eguneko Eukaristian, gotzainak misiolari lez emon ebazan urteak gogoratu ebazan homilian:\u00a0<em>&#8220;Gizatasunaren arloan irakaspena jaso neban urte hareetan, hain gertutik sekula bizi bako egoera gogorrak bizi eta laguntzeko aukera izan neban. Esperientzia horri goiargi izan zan, sinistedun hobe egin ninduan&#8221;.\u00a0<\/em><\/p><\/p>\n\n<p><p>Eukaristian, non gure Eleizbarrutiko latinoamerikar alkarteko ordezkari zabala izan zan, <strong>On Joseba Segurak<\/strong> beste batzukaz bizitako fedeaz jardun eban:\u00a0<em>&#8220;Hasieran, hemendik harako eragin zana, norabidez aldatu da orain, edo, hobeto esanda, norabide bikoa da. Kristo da batera jarten dogun ondasuna&#8221;.\u00a0<\/em><\/p><\/p>\n\n<figure class=\"wp-block-image aligncenter size-full is-resized\"><img decoding=\"async\" src=\"https:\/\/bizkeliza.org\/wp-content\/uploads\/330348204_525824916135150_8715996457433351204_n.jpg\" alt=\"\" class=\"wp-image-59466\" width=\"701\" height=\"526\" srcset=\"https:\/\/bizkeliza.org\/wp-content\/uploads\/330348204_525824916135150_8715996457433351204_n.jpg 701w, https:\/\/bizkeliza.org\/wp-content\/uploads\/330348204_525824916135150_8715996457433351204_n-480x360.jpg 480w\" sizes=\"(min-width: 0px) and (max-width: 480px) 480px, (min-width: 481px) 701px, 100vw\" \/><figcaption class=\"wp-element-caption\">On Joseba Segura ospakizuneko hainbat partaidegaz<\/figcaption><\/figure>\n<blockquote class=\"embedly-card\"><h4><a href=\"https:\/\/www.rtve.es\/play\/videos\/dia-del-senor\/iglesia-san-anton-bilbao\/6826727\/\">El D\u00eda del Se\u00f1or &#8211; Iglesia de San Ant\u00f3n (Bilbao)<\/a><\/h4><p>Santa misa cat\u00f3lica desde la Iglesia de San Ant\u00f3n (Bilbao).<\/p><\/blockquote>\r\n<script async=\"\" src=\"\/\/cdn.embedly.com\/widgets\/platform.js\" charset=\"UTF-8\"><\/script>\n<h3 class=\"wp-block-heading\"><p><strong>Kartzela Pastoraltza eta Bidesari<\/strong><\/p><\/h3>\n\n<p><p><strong>Jorge Muriel <\/strong>Kartzela Pastoraltzako arduradunak azaldu dauanez, Bilboko Barria eraikineko lokaletan ospatu zan <strong>Kartzela Pastoraltzaren<\/strong> eta <strong>Bidesariren<\/strong> heziketa-saioan batu ziranek <em>&#8220;<\/em><em>espiritualtasun-ibilbidea egin eben, ITXAROPENA hitzaz baliatuz&#8221;. <\/em>Haren esanetan,\u00a0<em>&#8220;bizitzako tarte zail, dramatiko eta nahigabetuetan bakarrik sortzen da itxaropena. Giza aurpegia, izen eta abizenak dituan bizitza. Beste erremediorik ezean, Jainkoarengan eta arrotzarengan konfiantza jarri behar daben giza aurpegiak. Eta dana ondo joango dala uste izatean, jainko bermetik kanpo inongo berme barik, besteagazko hartu-emonak sortzen dira eta horreei esker ametsak bizi egiten dira. Itxaropena irrikatzen dauan giza aurpegiagaz aurkitzean eraldatu eta aldatu egiten dan bestea. Eta itxaropena bizi ondoren, batzuk beharrizanetik eta besteek akonpainamendutik, esker onak baino ez dau lekurik. Batzuetan irribarreagaz, besteetan irribarre barik&#8221;.\u00a0<\/em><\/p><\/p>\n\n<figure class=\"wp-block-image aligncenter size-full is-resized\"><img decoding=\"async\" src=\"https:\/\/bizkeliza.org\/wp-content\/uploads\/IMG_5623.jpg\" alt=\"\" class=\"wp-image-59417\" width=\"567\" height=\"425\" srcset=\"https:\/\/bizkeliza.org\/wp-content\/uploads\/IMG_5623.jpg 567w, https:\/\/bizkeliza.org\/wp-content\/uploads\/IMG_5623-480x360.jpg 480w\" sizes=\"(min-width: 0px) and (max-width: 480px) 480px, (min-width: 481px) 567px, 100vw\" \/><figcaption class=\"wp-element-caption\">Heziketa-saioa Kartzela Pastoraltzaren eta Bidesariren eskutik<\/figcaption><\/figure>\n<h3 class=\"wp-block-heading\"><p><strong>HOAC eta EKO-ACG mobimentuen Garizuma-aldiko erretiora<\/strong><\/p><\/h3>\n\n<p><p><b>HOAC <\/b>eta\u00a0<strong>EKO-ACG\u00a0<\/strong>mobimentuetako hogeta hamar lagun inguruk -tartean <strong>Gernika<\/strong> eta <strong>Bermeoko<\/strong> zortzi gonbidatu- <strong>Garizuma-aldiko<\/strong> ohiko otoitz-erretiroa ospatu eben. Azkenean nabarmendu ebenez,\u00a0<em>&#8220;Gernikako Mesedetakoek egindako harrera bikainari esker, erretiroa bikaina izan da&#8221;.\u00a0<\/em><\/p><\/p>\n\n<p><p><strong>Jose Mari Kortazar<\/strong> V. bikaritzako lurralde bikarioak lagunduta, Garizuma-aldian murgildu ziran, Ebanjelioaren eta Ebanjelizatzearen Eleizbarrutiko Egitasmoaren (VI. EEE) eskutik. Sarrerako otoitzaldiaren ostean,\u00a0<em>&#8220;Egun bat Jesusen bizitzan&#8221;<\/em> gaiaren inguruan gogoeta egin eben. Azaldu dabenez, lagungarri izan zan\u00a0<em>&#8220;alkartean, Jainkoagaz otoitzean hartu-emona izanez eta behartsu eta gaixoak zerbitzatuz hitz egiten dauan Jesusengana hurreratzeko&#8221;. <\/em>Bigarren gogoeta domekako idazkiaren ingurukoa izan zan, hau da, Jesusen antzaldaketaren ingurukoa,\u00a0<em>&#8220;bere eduki sinboliko aberatsa eta eguneroko bizitzan dauan gaurkotasuna agertzera emonez&#8221;.\u00a0<\/em>Hirugarren gogoetaren haritik, konpromiso txikiak jarri ebezan Garizumari eta Eukaristiaren prestaketari begira:\u00a0<em>&#8220;Kokatzen laguntzen deuskuen 4 ardatz: Hitza. Otoitza. Behartsuak eta Alkartea. Barri Ona Jesusen eskutik eguneroko bizitzara eroaten laguntzen deuskuen ardatzak&#8221;.<\/em><\/p><\/p>\n\n<div class=\"wp-block-columns is-layout-flex wp-container-core-columns-is-layout-9d6595d7 wp-block-columns-is-layout-flex\">\n<div class=\"wp-block-column is-layout-flow wp-block-column-is-layout-flow\">\n<figure class=\"wp-block-image size-full\"><img decoding=\"async\" width=\"400\" height=\"300\" src=\"https:\/\/bizkeliza.org\/wp-content\/uploads\/hoac-gernika.jpg\" alt=\"\" class=\"wp-image-59401\" srcset=\"https:\/\/bizkeliza.org\/wp-content\/uploads\/hoac-gernika.jpg 400w, https:\/\/bizkeliza.org\/wp-content\/uploads\/hoac-gernika-300x225.jpg 300w\" sizes=\"(max-width: 400px) 100vw, 400px\" \/><figcaption class=\"wp-element-caption\">HOAC eta EKO-ACG mobimentuen Garizuma-aldiko erretiroa, Gernikan<\/figcaption><\/figure><\/div>\n\n\n\n<div class=\"wp-block-column is-layout-flow wp-block-column-is-layout-flow\">\n<figure class=\"wp-block-image size-full\"><img decoding=\"async\" width=\"400\" height=\"225\" src=\"https:\/\/bizkeliza.org\/wp-content\/uploads\/kuboa-kubotxuak-1.jpg\" alt=\"\" class=\"wp-image-59403\" srcset=\"https:\/\/bizkeliza.org\/wp-content\/uploads\/kuboa-kubotxuak-1.jpg 400w, https:\/\/bizkeliza.org\/wp-content\/uploads\/kuboa-kubotxuak-1-300x169.jpg 300w\" sizes=\"(max-width: 400px) 100vw, 400px\" \/><\/figure><\/div>\n<\/div>\n\n<h3 class=\"wp-block-heading\"><p><strong>Bake Topaketa Zornotzan eta Lekeition<\/strong><\/p><\/h3>\n\n<p><p><strong>Bake Topaketaren<\/strong> IX. ekitaldiko bigarren asteburuan, ehun lagun inguru batuzan barikuz &#8216;<strong>Gesto&#8217;<\/strong> dokumentala ikusteko Zornotza aretoan. <strong>Alex Alonso<\/strong> IV. bikaritzako lurralde bikarioak gidatu eban saioa. Dokumentala ikusi ondoren, bertaratutakoek <strong>Maite Leanizbarrutia<\/strong> Gestoko kidearen lekukotasuna entzun eben.\u00a0<\/p><\/p>\n\n<figure class=\"wp-block-image aligncenter size-full is-resized\"><img decoding=\"async\" src=\"https:\/\/bizkeliza.org\/wp-content\/uploads\/389e3521-9500-4c9b-b525-8660bad414fe.jpg\" alt=\"Bake Topaketa. Zornotza\" class=\"wp-image-59411\" width=\"553\" height=\"353\" srcset=\"https:\/\/bizkeliza.org\/wp-content\/uploads\/389e3521-9500-4c9b-b525-8660bad414fe.jpg 553w, https:\/\/bizkeliza.org\/wp-content\/uploads\/389e3521-9500-4c9b-b525-8660bad414fe-480x307.jpg 480w\" sizes=\"(min-width: 0px) and (max-width: 480px) 480px, (min-width: 481px) 553px, 100vw\" \/><\/figure>\n<div class=\"wp-block-columns is-layout-flex wp-container-core-columns-is-layout-9d6595d7 wp-block-columns-is-layout-flex\">\n<div class=\"wp-block-column is-layout-flow wp-block-column-is-layout-flow\">\n<figure class=\"wp-block-image size-full\"><img decoding=\"async\" width=\"800\" height=\"600\" src=\"https:\/\/bizkeliza.org\/wp-content\/uploads\/5b5bfa0c-7305-4729-a302-e88ad1f86285.jpg\" alt=\"\" class=\"wp-image-59407\" srcset=\"https:\/\/bizkeliza.org\/wp-content\/uploads\/5b5bfa0c-7305-4729-a302-e88ad1f86285.jpg 800w, https:\/\/bizkeliza.org\/wp-content\/uploads\/5b5bfa0c-7305-4729-a302-e88ad1f86285-480x360.jpg 480w\" sizes=\"(min-width: 0px) and (max-width: 480px) 480px, (min-width: 481px) 800px, 100vw\" \/><figcaption class=\"wp-element-caption\">Maite Leanizbarrutiak Geston bizi izandakoaren lekukotasuna emon eban<\/figcaption><\/figure><\/div>\n\n\n\n<div class=\"wp-block-column is-layout-flow wp-block-column-is-layout-flow\">\n<figure class=\"wp-block-image size-full is-resized\"><img decoding=\"async\" src=\"https:\/\/bizkeliza.org\/wp-content\/uploads\/bad9ad44-4efe-48bc-9a24-19100192831c.jpg\" alt=\"\" class=\"wp-image-59409\" width=\"315\" height=\"420\"\/><figcaption class=\"wp-element-caption\">Alex Alonso lurralde bikarioa saioan<\/figcaption><\/figure><\/div>\n<\/div>\n\n<p><p>Zapatuz, Lekeitioko &#8216;Ikusgarri&#8217; zineman emon zan <strong>&#8216;Gesto&#8217;<\/strong> dokumentala eta umeei zuzendutako jarduerak garatu ziran. <strong>Jose Luis Iza<\/strong> abadea izan zan eguneko laguntzailea.\u00a0<\/p><\/p>\n\n<figure class=\"wp-block-image aligncenter size-full is-resized\"><img decoding=\"async\" src=\"https:\/\/bizkeliza.org\/wp-content\/uploads\/IMG-20230305-WA0000.jpg\" alt=\"\" class=\"wp-image-59434\" width=\"385\" height=\"385\"\/><\/figure>\n<h3 class=\"wp-block-heading\"><p><strong>Txangoa Sestao PBtik<\/strong><\/p><\/h3>\n\n<p><p><b>Sestao Pastoral Barrutiko (PB)<\/b> kristau alkarteko hainbat arlotako -eskautak, osasun pastoraltza, migrazinoak, liturgia&#8230;- 140 lagun inguruk urteroko txangoan parte hartu eben. Bueltan azaldu ebenez,\u00a0<em>&#8220;egun bikaina igaro dogu Elorrion, Berriotxoako San Balendin zaindariaren jaioterrian. Santuaren jatorriak eta herribilduko historia-arte aberastasuna ezagutzeko aukera izan dogu. Txikienak oinez joan dira Arginetako nekropolira eta jolastu eta izadiaz gozatzeko aukera izan dabe&#8221;.<\/em><\/p><\/p>\n\n<p><p>Alkartasunean sakondu eben eguneko jarduera nagusian, hain zuzen be, <strong>MILA KOLORE, lekuan lekuko<\/strong> goiburuaren haritik ospatu eben Eukaristian.<\/p><\/p>\n\n<figure class=\"wp-block-image aligncenter size-full is-resized\"><img decoding=\"async\" src=\"https:\/\/bizkeliza.org\/wp-content\/uploads\/1678041088677.jpg\" alt=\"\" class=\"wp-image-59583\" width=\"634\" height=\"475\" srcset=\"https:\/\/bizkeliza.org\/wp-content\/uploads\/1678041088677.jpg 634w, https:\/\/bizkeliza.org\/wp-content\/uploads\/1678041088677-480x360.jpg 480w\" sizes=\"(min-width: 0px) and (max-width: 480px) 480px, (min-width: 481px) 634px, 100vw\" \/><\/figure>\n<figure class=\"wp-block-image aligncenter size-full\"><img decoding=\"async\" width=\"600\" height=\"797\" src=\"https:\/\/bizkeliza.org\/wp-content\/uploads\/1678041088695-1.jpg\" alt=\"\" class=\"wp-image-59585\" srcset=\"https:\/\/bizkeliza.org\/wp-content\/uploads\/1678041088695-1.jpg 600w, https:\/\/bizkeliza.org\/wp-content\/uploads\/1678041088695-1-480x638.jpg 480w\" sizes=\"(min-width: 0px) and (max-width: 480px) 480px, (min-width: 481px) 600px, 100vw\" \/><\/figure>","protected":false},"excerpt":{"rendered":"<p>Hispanoamerikaren Eguneko Eukaristian, gotzainak misiolari lez emon ebazan urteak gogoratu ebazan homilian:\u00a0&#8220;Gizatasunaren arloan irakaspena jaso neban urte hareetan, hain gertutik sekula bizi bako egoera gogorrak bizi eta laguntzeko aukera izan neban. Esperientzia horri goiargi izan zan, sinistedun hobe egin ninduan&#8221;.\u00a0 Eukaristian, non gure Eleizbarrutiko latinoamerikar alkarteko ordezkari zabala izan zan, On Joseba Segurak beste batzukaz [&hellip;]<\/p>\n","protected":false},"author":20,"featured_media":59406,"comment_status":"closed","ping_status":"closed","sticky":false,"template":"","format":"standard","meta":{"_acf_changed":false,"_et_pb_use_builder":"off","_et_pb_old_content":"","_et_gb_content_width":"","footnotes":""},"categories":[500,496,501,506,492],"tags":[619],"class_list":["post-59618","post","type-post","status-publish","format-standard","has-post-thumbnail","hentry","category-bake-eta-adiskidetzea","category-karidade-eta-zuzentasunak","category-kartzela","category-lehenengo-orrialdea","category-pastoral-ekintza","tag-hoac-eu"],"acf":[],"yoast_head":"<!-- This site is optimized with the Yoast SEO Premium plugin v27.5 (Yoast SEO v27.5) - https:\/\/yoast.com\/product\/yoast-seo-premium-wordpress\/ -->\n<title>Asteburuan, ospakizunak, heziketa, erretiroa eta topaketa<\/title>\n<meta name=\"description\" content=\"Kartzela Pastoraltzaren eta Bidesariren eskutik heziketa-saioan batu ziranek espiritualtasun-ibilbidea egin eben\" \/>\n<meta name=\"robots\" content=\"index, follow, max-snippet:-1, max-image-preview:large, max-video-preview:-1\" \/>\n<link rel=\"canonical\" href=\"https:\/\/bizkeliza.org\/eu\/noticia\/celebraciones-formacion-retiro-y-encuentro-en-este-fin-de-semana\/\" \/>\n<meta property=\"og:locale\" content=\"eu_ES\" \/>\n<meta property=\"og:type\" content=\"article\" \/>\n<meta property=\"og:title\" content=\"Asteburuan, ospakizunak, heziketa, erretiroa eta topaketa\" \/>\n<meta property=\"og:description\" content=\"Kartzela Pastoraltzaren eta Bidesariren eskutik heziketa-saioan batu ziranek espiritualtasun-ibilbidea egin eben\" \/>\n<meta property=\"og:url\" content=\"https:\/\/bizkeliza.org\/eu\/noticia\/celebraciones-formacion-retiro-y-encuentro-en-este-fin-de-semana\/\" \/>\n<meta property=\"og:site_name\" content=\"Bilboko Elizbarrutia - Di\u00f3cesis de Bilbao\" \/>\n<meta property=\"article:publisher\" content=\"https:\/\/www.facebook.com\/DiocesisBilbao\/\" \/>\n<meta property=\"article:published_time\" content=\"2023-03-06T10:00:21+00:00\" \/>\n<meta property=\"article:modified_time\" content=\"2023-03-07T12:02:32+00:00\" \/>\n<meta property=\"og:image\" content=\"https:\/\/bizkeliza.org\/wp-content\/uploads\/IMG-20230304-WA0000.jpg\" \/>\n\t<meta property=\"og:image:width\" content=\"800\" \/>\n\t<meta property=\"og:image:height\" content=\"600\" \/>\n\t<meta property=\"og:image:type\" content=\"image\/jpeg\" \/>\n<meta name=\"author\" content=\"bkareaga\" \/>\n<meta name=\"twitter:card\" content=\"summary_large_image\" \/>\n<meta name=\"twitter:creator\" content=\"@DiocesisBilbao\" \/>\n<meta name=\"twitter:site\" content=\"@DiocesisBilbao\" \/>\n<script type=\"application\/ld+json\" class=\"yoast-schema-graph\">{\"@context\":\"https:\\\/\\\/schema.org\",\"@graph\":[{\"@type\":\"Article\",\"@id\":\"https:\\\/\\\/bizkeliza.org\\\/eu\\\/noticia\\\/celebraciones-formacion-retiro-y-encuentro-en-este-fin-de-semana\\\/#article\",\"isPartOf\":{\"@id\":\"https:\\\/\\\/bizkeliza.org\\\/eu\\\/noticia\\\/celebraciones-formacion-retiro-y-encuentro-en-este-fin-de-semana\\\/\"},\"author\":{\"name\":\"bkareaga\",\"@id\":\"https:\\\/\\\/bizkeliza.org\\\/eu\\\/#\\\/schema\\\/person\\\/1f27c53156256531056d48959c2f2008\"},\"headline\":\"Asteburuan, ospakizunak, heziketa, erretiroa eta topaketa\",\"datePublished\":\"2023-03-06T10:00:21+00:00\",\"dateModified\":\"2023-03-07T12:02:32+00:00\",\"mainEntityOfPage\":{\"@id\":\"https:\\\/\\\/bizkeliza.org\\\/eu\\\/noticia\\\/celebraciones-formacion-retiro-y-encuentro-en-este-fin-de-semana\\\/\"},\"wordCount\":546,\"publisher\":{\"@id\":\"https:\\\/\\\/bizkeliza.org\\\/eu\\\/#organization\"},\"image\":{\"@id\":\"https:\\\/\\\/bizkeliza.org\\\/eu\\\/noticia\\\/celebraciones-formacion-retiro-y-encuentro-en-este-fin-de-semana\\\/#primaryimage\"},\"thumbnailUrl\":\"https:\\\/\\\/bizkeliza.org\\\/wp-content\\\/uploads\\\/IMG-20230304-WA0000.jpg\",\"keywords\":[\"HOAC\"],\"articleSection\":[\"Bake eta Adiskidetzea\",\"Karidade eta Zuzentasunak\",\"Kartzela\",\"Lehenengo Orrialdea\",\"Pastoral ekintza\"],\"inLanguage\":\"eu-ES\"},{\"@type\":\"WebPage\",\"@id\":\"https:\\\/\\\/bizkeliza.org\\\/eu\\\/noticia\\\/celebraciones-formacion-retiro-y-encuentro-en-este-fin-de-semana\\\/\",\"url\":\"https:\\\/\\\/bizkeliza.org\\\/eu\\\/noticia\\\/celebraciones-formacion-retiro-y-encuentro-en-este-fin-de-semana\\\/\",\"name\":\"Asteburuan, ospakizunak, heziketa, erretiroa eta topaketa\",\"isPartOf\":{\"@id\":\"https:\\\/\\\/bizkeliza.org\\\/eu\\\/#website\"},\"primaryImageOfPage\":{\"@id\":\"https:\\\/\\\/bizkeliza.org\\\/eu\\\/noticia\\\/celebraciones-formacion-retiro-y-encuentro-en-este-fin-de-semana\\\/#primaryimage\"},\"image\":{\"@id\":\"https:\\\/\\\/bizkeliza.org\\\/eu\\\/noticia\\\/celebraciones-formacion-retiro-y-encuentro-en-este-fin-de-semana\\\/#primaryimage\"},\"thumbnailUrl\":\"https:\\\/\\\/bizkeliza.org\\\/wp-content\\\/uploads\\\/IMG-20230304-WA0000.jpg\",\"datePublished\":\"2023-03-06T10:00:21+00:00\",\"dateModified\":\"2023-03-07T12:02:32+00:00\",\"description\":\"Kartzela Pastoraltzaren eta Bidesariren eskutik heziketa-saioan batu ziranek espiritualtasun-ibilbidea egin eben\",\"breadcrumb\":{\"@id\":\"https:\\\/\\\/bizkeliza.org\\\/eu\\\/noticia\\\/celebraciones-formacion-retiro-y-encuentro-en-este-fin-de-semana\\\/#breadcrumb\"},\"inLanguage\":\"eu-ES\",\"potentialAction\":[{\"@type\":\"ReadAction\",\"target\":[\"https:\\\/\\\/bizkeliza.org\\\/eu\\\/noticia\\\/celebraciones-formacion-retiro-y-encuentro-en-este-fin-de-semana\\\/\"]}]},{\"@type\":\"ImageObject\",\"inLanguage\":\"eu-ES\",\"@id\":\"https:\\\/\\\/bizkeliza.org\\\/eu\\\/noticia\\\/celebraciones-formacion-retiro-y-encuentro-en-este-fin-de-semana\\\/#primaryimage\",\"url\":\"https:\\\/\\\/bizkeliza.org\\\/wp-content\\\/uploads\\\/IMG-20230304-WA0000.jpg\",\"contentUrl\":\"https:\\\/\\\/bizkeliza.org\\\/wp-content\\\/uploads\\\/IMG-20230304-WA0000.jpg\",\"width\":800,\"height\":600,\"caption\":\"Jornada de formaci\u00f3n de Pastoral Penitenciaria y Bidesari\"},{\"@type\":\"BreadcrumbList\",\"@id\":\"https:\\\/\\\/bizkeliza.org\\\/eu\\\/noticia\\\/celebraciones-formacion-retiro-y-encuentro-en-este-fin-de-semana\\\/#breadcrumb\",\"itemListElement\":[{\"@type\":\"ListItem\",\"position\":1,\"name\":\"Portada\",\"item\":\"https:\\\/\\\/bizkeliza.org\\\/eu\\\/\"},{\"@type\":\"ListItem\",\"position\":2,\"name\":\"Asteburuan, ospakizunak, heziketa, erretiroa eta topaketa\"}]},{\"@type\":\"WebSite\",\"@id\":\"https:\\\/\\\/bizkeliza.org\\\/eu\\\/#website\",\"url\":\"https:\\\/\\\/bizkeliza.org\\\/eu\\\/\",\"name\":\"Bilboko Elizbarrutia - Di\u00f3cesis de Bilbao\",\"description\":\"Di\u00f3cesis de Bilbao\",\"publisher\":{\"@id\":\"https:\\\/\\\/bizkeliza.org\\\/eu\\\/#organization\"},\"alternateName\":\"Di\u00f3cesis de Bilbao\",\"potentialAction\":[{\"@type\":\"SearchAction\",\"target\":{\"@type\":\"EntryPoint\",\"urlTemplate\":\"https:\\\/\\\/bizkeliza.org\\\/eu\\\/?s={search_term_string}\"},\"query-input\":{\"@type\":\"PropertyValueSpecification\",\"valueRequired\":true,\"valueName\":\"search_term_string\"}}],\"inLanguage\":\"eu-ES\"},{\"@type\":\"Organization\",\"@id\":\"https:\\\/\\\/bizkeliza.org\\\/eu\\\/#organization\",\"name\":\"Di\u00f3cesis de Bilbao\",\"alternateName\":\"Di\u00f3cesis de Bilbao\",\"url\":\"https:\\\/\\\/bizkeliza.org\\\/eu\\\/\",\"logo\":{\"@type\":\"ImageObject\",\"inLanguage\":\"eu-ES\",\"@id\":\"https:\\\/\\\/bizkeliza.org\\\/eu\\\/#\\\/schema\\\/logo\\\/image\\\/\",\"url\":\"https:\\\/\\\/bizkeliza.org\\\/wp-content\\\/uploads\\\/2022\\\/06\\\/Logo-nuevo_2024-1-scaled.jpg\",\"contentUrl\":\"https:\\\/\\\/bizkeliza.org\\\/wp-content\\\/uploads\\\/2022\\\/06\\\/Logo-nuevo_2024-1-scaled.jpg\",\"width\":2560,\"height\":1024,\"caption\":\"Di\u00f3cesis de Bilbao\"},\"image\":{\"@id\":\"https:\\\/\\\/bizkeliza.org\\\/eu\\\/#\\\/schema\\\/logo\\\/image\\\/\"},\"sameAs\":[\"https:\\\/\\\/www.facebook.com\\\/DiocesisBilbao\\\/\",\"https:\\\/\\\/x.com\\\/DiocesisBilbao\",\"https:\\\/\\\/www.instagram.com\\\/obispadobilbao\\\/\",\"https:\\\/\\\/www.youtube.com\\\/user\\\/bilbokoelizbarrutia\"],\"description\":\"Iglesia local de Bilbao perteneciente a la Iglesia Cat\u00f3lica\"},{\"@type\":\"Person\",\"@id\":\"https:\\\/\\\/bizkeliza.org\\\/eu\\\/#\\\/schema\\\/person\\\/1f27c53156256531056d48959c2f2008\",\"name\":\"bkareaga\"}]}<\/script>\n<!-- \/ Yoast SEO Premium plugin. -->","yoast_head_json":{"title":"Asteburuan, ospakizunak, heziketa, erretiroa eta topaketa","description":"Kartzela Pastoraltzaren eta Bidesariren eskutik heziketa-saioan batu ziranek espiritualtasun-ibilbidea egin eben","robots":{"index":"index","follow":"follow","max-snippet":"max-snippet:-1","max-image-preview":"max-image-preview:large","max-video-preview":"max-video-preview:-1"},"canonical":"https:\/\/bizkeliza.org\/eu\/noticia\/celebraciones-formacion-retiro-y-encuentro-en-este-fin-de-semana\/","og_locale":"eu_ES","og_type":"article","og_title":"Asteburuan, ospakizunak, heziketa, erretiroa eta topaketa","og_description":"Kartzela Pastoraltzaren eta Bidesariren eskutik heziketa-saioan batu ziranek espiritualtasun-ibilbidea egin eben","og_url":"https:\/\/bizkeliza.org\/eu\/noticia\/celebraciones-formacion-retiro-y-encuentro-en-este-fin-de-semana\/","og_site_name":"Bilboko Elizbarrutia - Di\u00f3cesis de Bilbao","article_publisher":"https:\/\/www.facebook.com\/DiocesisBilbao\/","article_published_time":"2023-03-06T10:00:21+00:00","article_modified_time":"2023-03-07T12:02:32+00:00","og_image":[{"width":800,"height":600,"url":"https:\/\/bizkeliza.org\/wp-content\/uploads\/IMG-20230304-WA0000.jpg","type":"image\/jpeg"}],"author":"bkareaga","twitter_card":"summary_large_image","twitter_creator":"@DiocesisBilbao","twitter_site":"@DiocesisBilbao","schema":{"@context":"https:\/\/schema.org","@graph":[{"@type":"Article","@id":"https:\/\/bizkeliza.org\/eu\/noticia\/celebraciones-formacion-retiro-y-encuentro-en-este-fin-de-semana\/#article","isPartOf":{"@id":"https:\/\/bizkeliza.org\/eu\/noticia\/celebraciones-formacion-retiro-y-encuentro-en-este-fin-de-semana\/"},"author":{"name":"bkareaga","@id":"https:\/\/bizkeliza.org\/eu\/#\/schema\/person\/1f27c53156256531056d48959c2f2008"},"headline":"Asteburuan, ospakizunak, heziketa, erretiroa eta topaketa","datePublished":"2023-03-06T10:00:21+00:00","dateModified":"2023-03-07T12:02:32+00:00","mainEntityOfPage":{"@id":"https:\/\/bizkeliza.org\/eu\/noticia\/celebraciones-formacion-retiro-y-encuentro-en-este-fin-de-semana\/"},"wordCount":546,"publisher":{"@id":"https:\/\/bizkeliza.org\/eu\/#organization"},"image":{"@id":"https:\/\/bizkeliza.org\/eu\/noticia\/celebraciones-formacion-retiro-y-encuentro-en-este-fin-de-semana\/#primaryimage"},"thumbnailUrl":"https:\/\/bizkeliza.org\/wp-content\/uploads\/IMG-20230304-WA0000.jpg","keywords":["HOAC"],"articleSection":["Bake eta Adiskidetzea","Karidade eta Zuzentasunak","Kartzela","Lehenengo Orrialdea","Pastoral ekintza"],"inLanguage":"eu-ES"},{"@type":"WebPage","@id":"https:\/\/bizkeliza.org\/eu\/noticia\/celebraciones-formacion-retiro-y-encuentro-en-este-fin-de-semana\/","url":"https:\/\/bizkeliza.org\/eu\/noticia\/celebraciones-formacion-retiro-y-encuentro-en-este-fin-de-semana\/","name":"Asteburuan, ospakizunak, heziketa, erretiroa eta topaketa","isPartOf":{"@id":"https:\/\/bizkeliza.org\/eu\/#website"},"primaryImageOfPage":{"@id":"https:\/\/bizkeliza.org\/eu\/noticia\/celebraciones-formacion-retiro-y-encuentro-en-este-fin-de-semana\/#primaryimage"},"image":{"@id":"https:\/\/bizkeliza.org\/eu\/noticia\/celebraciones-formacion-retiro-y-encuentro-en-este-fin-de-semana\/#primaryimage"},"thumbnailUrl":"https:\/\/bizkeliza.org\/wp-content\/uploads\/IMG-20230304-WA0000.jpg","datePublished":"2023-03-06T10:00:21+00:00","dateModified":"2023-03-07T12:02:32+00:00","description":"Kartzela Pastoraltzaren eta Bidesariren eskutik heziketa-saioan batu ziranek espiritualtasun-ibilbidea egin eben","breadcrumb":{"@id":"https:\/\/bizkeliza.org\/eu\/noticia\/celebraciones-formacion-retiro-y-encuentro-en-este-fin-de-semana\/#breadcrumb"},"inLanguage":"eu-ES","potentialAction":[{"@type":"ReadAction","target":["https:\/\/bizkeliza.org\/eu\/noticia\/celebraciones-formacion-retiro-y-encuentro-en-este-fin-de-semana\/"]}]},{"@type":"ImageObject","inLanguage":"eu-ES","@id":"https:\/\/bizkeliza.org\/eu\/noticia\/celebraciones-formacion-retiro-y-encuentro-en-este-fin-de-semana\/#primaryimage","url":"https:\/\/bizkeliza.org\/wp-content\/uploads\/IMG-20230304-WA0000.jpg","contentUrl":"https:\/\/bizkeliza.org\/wp-content\/uploads\/IMG-20230304-WA0000.jpg","width":800,"height":600,"caption":"Jornada de formaci\u00f3n de Pastoral Penitenciaria y Bidesari"},{"@type":"BreadcrumbList","@id":"https:\/\/bizkeliza.org\/eu\/noticia\/celebraciones-formacion-retiro-y-encuentro-en-este-fin-de-semana\/#breadcrumb","itemListElement":[{"@type":"ListItem","position":1,"name":"Portada","item":"https:\/\/bizkeliza.org\/eu\/"},{"@type":"ListItem","position":2,"name":"Asteburuan, ospakizunak, heziketa, erretiroa eta topaketa"}]},{"@type":"WebSite","@id":"https:\/\/bizkeliza.org\/eu\/#website","url":"https:\/\/bizkeliza.org\/eu\/","name":"Bilboko Elizbarrutia - Di\u00f3cesis de Bilbao","description":"Di\u00f3cesis de Bilbao","publisher":{"@id":"https:\/\/bizkeliza.org\/eu\/#organization"},"alternateName":"Di\u00f3cesis de Bilbao","potentialAction":[{"@type":"SearchAction","target":{"@type":"EntryPoint","urlTemplate":"https:\/\/bizkeliza.org\/eu\/?s={search_term_string}"},"query-input":{"@type":"PropertyValueSpecification","valueRequired":true,"valueName":"search_term_string"}}],"inLanguage":"eu-ES"},{"@type":"Organization","@id":"https:\/\/bizkeliza.org\/eu\/#organization","name":"Di\u00f3cesis de Bilbao","alternateName":"Di\u00f3cesis de Bilbao","url":"https:\/\/bizkeliza.org\/eu\/","logo":{"@type":"ImageObject","inLanguage":"eu-ES","@id":"https:\/\/bizkeliza.org\/eu\/#\/schema\/logo\/image\/","url":"https:\/\/bizkeliza.org\/wp-content\/uploads\/2022\/06\/Logo-nuevo_2024-1-scaled.jpg","contentUrl":"https:\/\/bizkeliza.org\/wp-content\/uploads\/2022\/06\/Logo-nuevo_2024-1-scaled.jpg","width":2560,"height":1024,"caption":"Di\u00f3cesis de Bilbao"},"image":{"@id":"https:\/\/bizkeliza.org\/eu\/#\/schema\/logo\/image\/"},"sameAs":["https:\/\/www.facebook.com\/DiocesisBilbao\/","https:\/\/x.com\/DiocesisBilbao","https:\/\/www.instagram.com\/obispadobilbao\/","https:\/\/www.youtube.com\/user\/bilbokoelizbarrutia"],"description":"Iglesia local de Bilbao perteneciente a la Iglesia Cat\u00f3lica"},{"@type":"Person","@id":"https:\/\/bizkeliza.org\/eu\/#\/schema\/person\/1f27c53156256531056d48959c2f2008","name":"bkareaga"}]}},"jetpack_featured_media_url":"https:\/\/bizkeliza.org\/wp-content\/uploads\/IMG-20230304-WA0000.jpg","_links":{"self":[{"href":"https:\/\/bizkeliza.org\/eu\/wp-json\/wp\/v2\/posts\/59618","targetHints":{"allow":["GET"]}}],"collection":[{"href":"https:\/\/bizkeliza.org\/eu\/wp-json\/wp\/v2\/posts"}],"about":[{"href":"https:\/\/bizkeliza.org\/eu\/wp-json\/wp\/v2\/types\/post"}],"author":[{"embeddable":true,"href":"https:\/\/bizkeliza.org\/eu\/wp-json\/wp\/v2\/users\/20"}],"replies":[{"embeddable":true,"href":"https:\/\/bizkeliza.org\/eu\/wp-json\/wp\/v2\/comments?post=59618"}],"version-history":[{"count":0,"href":"https:\/\/bizkeliza.org\/eu\/wp-json\/wp\/v2\/posts\/59618\/revisions"}],"wp:featuredmedia":[{"embeddable":true,"href":"https:\/\/bizkeliza.org\/eu\/wp-json\/wp\/v2\/media\/59406"}],"wp:attachment":[{"href":"https:\/\/bizkeliza.org\/eu\/wp-json\/wp\/v2\/media?parent=59618"}],"wp:term":[{"taxonomy":"category","embeddable":true,"href":"https:\/\/bizkeliza.org\/eu\/wp-json\/wp\/v2\/categories?post=59618"},{"taxonomy":"post_tag","embeddable":true,"href":"https:\/\/bizkeliza.org\/eu\/wp-json\/wp\/v2\/tags?post=59618"}],"curies":[{"name":"wp","href":"https:\/\/api.w.org\/{rel}","templated":true}]}}