{"id":61676,"date":"2023-03-21T10:00:18","date_gmt":"2023-03-21T09:00:18","guid":{"rendered":"https:\/\/bizkeliza.org\/noticia\/la-biblioteca-diocesana-en-las-jornadas-de-la-asociacion-de-bibliotecarios-de-la-iglesia\/"},"modified":"2023-03-21T12:58:25","modified_gmt":"2023-03-21T11:58:25","slug":"la-biblioteca-diocesana-en-las-jornadas-de-la-asociacion-de-bibliotecarios-de-la-iglesia","status":"publish","type":"post","link":"https:\/\/bizkeliza.org\/eu\/noticia\/la-biblioteca-diocesana-en-las-jornadas-de-la-asociacion-de-bibliotecarios-de-la-iglesia\/","title":{"rendered":"Eleizbarrutiko liburutegia, Eleizako Liburuzainen Alkartearen jardunaldietan"},"content":{"rendered":"\n<p><p>Jardunaldietan, <strong>Eguilazen<\/strong> esanetan, Eleizaren liburutegien katalogo kolektiboa aurkeztu da, proba erara. Liburuzainak azaldu dauanez, <em>&#8220;aspalditik gauzatu gura dan egitasmoa da eta kurtso honetan behin betiko jarriko da martxan<\/em>: <a href=\"https:\/\/catalogo.abie.es\/\">https:\/\/catalogo.abie.es\/<\/a>&#8220;.<\/p><\/p>\n\n<p>Eleizaren liburutegiak agertzeaz emoteaz batera, euren gizarte egitekoaz eta adimen artifizialaz jardun dabe, besteak beste., dagoeneko hemen dan errealitatearen alderdi etikoei buruz gogoeta eginez eta wikipediaren inguruko ikaskuntza tailerra eginez genero-ikuspuntutik.<\/p>\n\n<div class=\"wp-block-columns is-layout-flex wp-container-core-columns-is-layout-9d6595d7 wp-block-columns-is-layout-flex\">\n<div class=\"wp-block-column is-layout-flow wp-block-column-is-layout-flow\">\n<figure class=\"wp-block-image size-full\"><img decoding=\"async\" width=\"600\" height=\"802\" src=\"https:\/\/bizkeliza.org\/wp-content\/uploads\/foto3-1.jpeg\" alt=\"Eleizaren Liburutegien Jardunaldiak, Bartzelonan\" class=\"wp-image-61655\" srcset=\"https:\/\/bizkeliza.org\/wp-content\/uploads\/foto3-1.jpeg 600w, https:\/\/bizkeliza.org\/wp-content\/uploads\/foto3-1-480x642.jpeg 480w\" sizes=\"(min-width: 0px) and (max-width: 480px) 480px, (min-width: 481px) 600px, 100vw\" \/><\/figure><\/div>\n\n\n\n<div class=\"wp-block-column is-layout-flow wp-block-column-is-layout-flow\">\n<p><\/p>\n\n\n\n<p><\/p>\n\n\n\n<p><p><b>Eguilaz<\/b> BETHen (Teknologiarako Europar Liburutegiak) -https:\/\/beth.eu\/- EELAko zuzendaritza-batzordearen ordezkari lez jardun dau, Rolduceko (NL) abadian ospatutako Europako 50. Biltzarrean landutakoaren barri emonez.<\/p><\/p>\n\n\n\n<p><p>Hauxe izan zan goiburua: <strong>&#8220;BETHen 50. Biltzarra, 2022.eko irailak 10-14: esperientzia ekumenikoa Eleizaren liburutegietatik&#8221;.<\/strong><\/p><\/p>\n<\/div>\n<\/div>\n\n<p><\/p>\n\n<p><p><strong>Familia Santua<\/strong> katedrala bisitatu eben, eta kriptan Eukaristia ospatu eta <strong>Kataluniako liburutegian<\/strong> be izan ziran.<\/p><\/p>\n\n<figure class=\"wp-block-image size-full\"><img decoding=\"async\" width=\"800\" height=\"360\" src=\"https:\/\/bizkeliza.org\/wp-content\/uploads\/Foto-Grupo.jpeg\" alt=\"Eleizaren Liburutegien Jardunaldiak, Bartzelonan\" class=\"wp-image-61653\" srcset=\"https:\/\/bizkeliza.org\/wp-content\/uploads\/Foto-Grupo.jpeg 800w, https:\/\/bizkeliza.org\/wp-content\/uploads\/Foto-Grupo-480x216.jpeg 480w\" sizes=\"(min-width: 0px) and (max-width: 480px) 480px, (min-width: 481px) 800px, 100vw\" \/><figcaption class=\"wp-element-caption\">Partaideak<\/figcaption><\/figure>","protected":false},"excerpt":{"rendered":"<p>Jardunaldietan, Eguilazen esanetan, Eleizaren liburutegien katalogo kolektiboa aurkeztu da, proba erara. Liburuzainak azaldu dauanez, &#8220;aspalditik gauzatu gura dan egitasmoa da eta kurtso honetan behin betiko jarriko da martxan: https:\/\/catalogo.abie.es\/&#8220;. Eleizaren liburutegiak agertzeaz emoteaz batera, euren gizarte egitekoaz eta adimen artifizialaz jardun dabe, besteak beste., dagoeneko hemen dan errealitatearen alderdi etikoei buruz gogoeta eginez eta wikipediaren [&hellip;]<\/p>\n","protected":false},"author":20,"featured_media":61662,"comment_status":"closed","ping_status":"closed","sticky":false,"template":"","format":"standard","meta":{"_acf_changed":false,"_et_pb_use_builder":"off","_et_pb_old_content":"","_et_gb_content_width":"","footnotes":""},"categories":[506],"tags":[538],"class_list":["post-61676","post","type-post","status-publish","format-standard","has-post-thumbnail","hentry","category-lehenengo-orrialdea","tag-eleizbarrutiko-liburutegia"],"acf":[],"yoast_head":"<!-- This site is optimized with the Yoast SEO Premium plugin v27.2 (Yoast SEO v27.2) - https:\/\/yoast.com\/product\/yoast-seo-premium-wordpress\/ -->\n<title>Eleizbarrutiko liburutegia, Eleizako Liburuzainen Alkartearen jardunaldietan<\/title>\n<meta name=\"description\" content=\"Jardunaldietan, Eguilazen esanetan, Eleizaren liburutegien katalogo kolektiboa aurkeztu da, proba erara.\" \/>\n<meta name=\"robots\" content=\"index, follow, max-snippet:-1, max-image-preview:large, max-video-preview:-1\" \/>\n<link rel=\"canonical\" href=\"https:\/\/bizkeliza.org\/eu\/noticia\/la-biblioteca-diocesana-en-las-jornadas-de-la-asociacion-de-bibliotecarios-de-la-iglesia\/\" \/>\n<meta property=\"og:locale\" content=\"eu_ES\" \/>\n<meta property=\"og:type\" content=\"article\" \/>\n<meta property=\"og:title\" content=\"Eleizbarrutiko liburutegia, Eleizako Liburuzainen Alkartearen jardunaldietan\" \/>\n<meta property=\"og:description\" content=\"Jardunaldietan, Eguilazen esanetan, Eleizaren liburutegien katalogo kolektiboa aurkeztu da, proba erara.\" \/>\n<meta property=\"og:url\" content=\"https:\/\/bizkeliza.org\/eu\/noticia\/la-biblioteca-diocesana-en-las-jornadas-de-la-asociacion-de-bibliotecarios-de-la-iglesia\/\" \/>\n<meta property=\"og:site_name\" content=\"Bilboko Elizbarrutia - Di\u00f3cesis de Bilbao\" \/>\n<meta property=\"article:publisher\" content=\"https:\/\/www.facebook.com\/DiocesisBilbao\/\" \/>\n<meta property=\"article:published_time\" content=\"2023-03-21T09:00:18+00:00\" \/>\n<meta property=\"article:modified_time\" content=\"2023-03-21T11:58:25+00:00\" \/>\n<meta property=\"og:image\" content=\"https:\/\/bizkeliza.org\/wp-content\/uploads\/Ponencia-Jaime.jpeg\" \/>\n\t<meta property=\"og:image:width\" content=\"800\" \/>\n\t<meta property=\"og:image:height\" content=\"504\" \/>\n\t<meta property=\"og:image:type\" content=\"image\/jpeg\" \/>\n<meta name=\"author\" content=\"bkareaga\" \/>\n<meta name=\"twitter:card\" content=\"summary_large_image\" \/>\n<meta name=\"twitter:creator\" content=\"@DiocesisBilbao\" \/>\n<meta name=\"twitter:site\" content=\"@DiocesisBilbao\" \/>\n<script type=\"application\/ld+json\" class=\"yoast-schema-graph\">{\"@context\":\"https:\/\/schema.org\",\"@graph\":[{\"@type\":\"Article\",\"@id\":\"https:\/\/bizkeliza.org\/eu\/noticia\/la-biblioteca-diocesana-en-las-jornadas-de-la-asociacion-de-bibliotecarios-de-la-iglesia\/#article\",\"isPartOf\":{\"@id\":\"https:\/\/bizkeliza.org\/eu\/noticia\/la-biblioteca-diocesana-en-las-jornadas-de-la-asociacion-de-bibliotecarios-de-la-iglesia\/\"},\"author\":{\"name\":\"bkareaga\",\"@id\":\"https:\/\/bizkeliza.org\/eu\/#\/schema\/person\/1f27c53156256531056d48959c2f2008\"},\"headline\":\"Eleizbarrutiko liburutegia, Eleizako Liburuzainen Alkartearen jardunaldietan\",\"datePublished\":\"2023-03-21T09:00:18+00:00\",\"dateModified\":\"2023-03-21T11:58:25+00:00\",\"mainEntityOfPage\":{\"@id\":\"https:\/\/bizkeliza.org\/eu\/noticia\/la-biblioteca-diocesana-en-las-jornadas-de-la-asociacion-de-bibliotecarios-de-la-iglesia\/\"},\"wordCount\":122,\"publisher\":{\"@id\":\"https:\/\/bizkeliza.org\/eu\/#organization\"},\"image\":{\"@id\":\"https:\/\/bizkeliza.org\/eu\/noticia\/la-biblioteca-diocesana-en-las-jornadas-de-la-asociacion-de-bibliotecarios-de-la-iglesia\/#primaryimage\"},\"thumbnailUrl\":\"https:\/\/bizkeliza.org\/wp-content\/uploads\/Ponencia-Jaime.jpeg\",\"keywords\":[\"Eleizbarrutiko Liburutegia\"],\"articleSection\":[\"Lehenengo Orrialdea\"],\"inLanguage\":\"eu-ES\"},{\"@type\":\"WebPage\",\"@id\":\"https:\/\/bizkeliza.org\/eu\/noticia\/la-biblioteca-diocesana-en-las-jornadas-de-la-asociacion-de-bibliotecarios-de-la-iglesia\/\",\"url\":\"https:\/\/bizkeliza.org\/eu\/noticia\/la-biblioteca-diocesana-en-las-jornadas-de-la-asociacion-de-bibliotecarios-de-la-iglesia\/\",\"name\":\"Eleizbarrutiko liburutegia, Eleizako Liburuzainen Alkartearen jardunaldietan\",\"isPartOf\":{\"@id\":\"https:\/\/bizkeliza.org\/eu\/#website\"},\"primaryImageOfPage\":{\"@id\":\"https:\/\/bizkeliza.org\/eu\/noticia\/la-biblioteca-diocesana-en-las-jornadas-de-la-asociacion-de-bibliotecarios-de-la-iglesia\/#primaryimage\"},\"image\":{\"@id\":\"https:\/\/bizkeliza.org\/eu\/noticia\/la-biblioteca-diocesana-en-las-jornadas-de-la-asociacion-de-bibliotecarios-de-la-iglesia\/#primaryimage\"},\"thumbnailUrl\":\"https:\/\/bizkeliza.org\/wp-content\/uploads\/Ponencia-Jaime.jpeg\",\"datePublished\":\"2023-03-21T09:00:18+00:00\",\"dateModified\":\"2023-03-21T11:58:25+00:00\",\"description\":\"Jardunaldietan, Eguilazen esanetan, Eleizaren liburutegien katalogo kolektiboa aurkeztu da, proba erara.\",\"breadcrumb\":{\"@id\":\"https:\/\/bizkeliza.org\/eu\/noticia\/la-biblioteca-diocesana-en-las-jornadas-de-la-asociacion-de-bibliotecarios-de-la-iglesia\/#breadcrumb\"},\"inLanguage\":\"eu-ES\",\"potentialAction\":[{\"@type\":\"ReadAction\",\"target\":[\"https:\/\/bizkeliza.org\/eu\/noticia\/la-biblioteca-diocesana-en-las-jornadas-de-la-asociacion-de-bibliotecarios-de-la-iglesia\/\"]}]},{\"@type\":\"ImageObject\",\"inLanguage\":\"eu-ES\",\"@id\":\"https:\/\/bizkeliza.org\/eu\/noticia\/la-biblioteca-diocesana-en-las-jornadas-de-la-asociacion-de-bibliotecarios-de-la-iglesia\/#primaryimage\",\"url\":\"https:\/\/bizkeliza.org\/wp-content\/uploads\/Ponencia-Jaime.jpeg\",\"contentUrl\":\"https:\/\/bizkeliza.org\/wp-content\/uploads\/Ponencia-Jaime.jpeg\",\"width\":800,\"height\":504,\"caption\":\"L\u00f3ez Eguilaz, de la Bibliote ca diocesana , durante su presentac\u00ed\u00f3n.\"},{\"@type\":\"BreadcrumbList\",\"@id\":\"https:\/\/bizkeliza.org\/eu\/noticia\/la-biblioteca-diocesana-en-las-jornadas-de-la-asociacion-de-bibliotecarios-de-la-iglesia\/#breadcrumb\",\"itemListElement\":[{\"@type\":\"ListItem\",\"position\":1,\"name\":\"Portada\",\"item\":\"https:\/\/bizkeliza.org\/eu\/\"},{\"@type\":\"ListItem\",\"position\":2,\"name\":\"Eleizbarrutiko liburutegia, Eleizako Liburuzainen Alkartearen jardunaldietan\"}]},{\"@type\":\"WebSite\",\"@id\":\"https:\/\/bizkeliza.org\/eu\/#website\",\"url\":\"https:\/\/bizkeliza.org\/eu\/\",\"name\":\"Bilboko Elizbarrutia - Di\u00f3cesis de Bilbao\",\"description\":\"Di\u00f3cesis de Bilbao\",\"publisher\":{\"@id\":\"https:\/\/bizkeliza.org\/eu\/#organization\"},\"alternateName\":\"Di\u00f3cesis de Bilbao\",\"potentialAction\":[{\"@type\":\"SearchAction\",\"target\":{\"@type\":\"EntryPoint\",\"urlTemplate\":\"https:\/\/bizkeliza.org\/eu\/?s={search_term_string}\"},\"query-input\":{\"@type\":\"PropertyValueSpecification\",\"valueRequired\":true,\"valueName\":\"search_term_string\"}}],\"inLanguage\":\"eu-ES\"},{\"@type\":\"Organization\",\"@id\":\"https:\/\/bizkeliza.org\/eu\/#organization\",\"name\":\"Di\u00f3cesis de Bilbao\",\"alternateName\":\"Di\u00f3cesis de Bilbao\",\"url\":\"https:\/\/bizkeliza.org\/eu\/\",\"logo\":{\"@type\":\"ImageObject\",\"inLanguage\":\"eu-ES\",\"@id\":\"https:\/\/bizkeliza.org\/eu\/#\/schema\/logo\/image\/\",\"url\":\"https:\/\/bizkeliza.org\/wp-content\/uploads\/2022\/06\/Logo-nuevo_2024-1-scaled.jpg\",\"contentUrl\":\"https:\/\/bizkeliza.org\/wp-content\/uploads\/2022\/06\/Logo-nuevo_2024-1-scaled.jpg\",\"width\":2560,\"height\":1024,\"caption\":\"Di\u00f3cesis de Bilbao\"},\"image\":{\"@id\":\"https:\/\/bizkeliza.org\/eu\/#\/schema\/logo\/image\/\"},\"sameAs\":[\"https:\/\/www.facebook.com\/DiocesisBilbao\/\",\"https:\/\/x.com\/DiocesisBilbao\",\"https:\/\/www.instagram.com\/obispadobilbao\/\",\"https:\/\/www.youtube.com\/user\/bilbokoelizbarrutia\"],\"description\":\"Iglesia local de Bilbao perteneciente a la Iglesia Cat\u00f3lica\"},{\"@type\":\"Person\",\"@id\":\"https:\/\/bizkeliza.org\/eu\/#\/schema\/person\/1f27c53156256531056d48959c2f2008\",\"name\":\"bkareaga\"}]}<\/script>\n<!-- \/ Yoast SEO Premium plugin. -->","yoast_head_json":{"title":"Eleizbarrutiko liburutegia, Eleizako Liburuzainen Alkartearen jardunaldietan","description":"Jardunaldietan, Eguilazen esanetan, Eleizaren liburutegien katalogo kolektiboa aurkeztu da, proba erara.","robots":{"index":"index","follow":"follow","max-snippet":"max-snippet:-1","max-image-preview":"max-image-preview:large","max-video-preview":"max-video-preview:-1"},"canonical":"https:\/\/bizkeliza.org\/eu\/noticia\/la-biblioteca-diocesana-en-las-jornadas-de-la-asociacion-de-bibliotecarios-de-la-iglesia\/","og_locale":"eu_ES","og_type":"article","og_title":"Eleizbarrutiko liburutegia, Eleizako Liburuzainen Alkartearen jardunaldietan","og_description":"Jardunaldietan, Eguilazen esanetan, Eleizaren liburutegien katalogo kolektiboa aurkeztu da, proba erara.","og_url":"https:\/\/bizkeliza.org\/eu\/noticia\/la-biblioteca-diocesana-en-las-jornadas-de-la-asociacion-de-bibliotecarios-de-la-iglesia\/","og_site_name":"Bilboko Elizbarrutia - Di\u00f3cesis de Bilbao","article_publisher":"https:\/\/www.facebook.com\/DiocesisBilbao\/","article_published_time":"2023-03-21T09:00:18+00:00","article_modified_time":"2023-03-21T11:58:25+00:00","og_image":[{"width":800,"height":504,"url":"https:\/\/bizkeliza.org\/wp-content\/uploads\/Ponencia-Jaime.jpeg","type":"image\/jpeg"}],"author":"bkareaga","twitter_card":"summary_large_image","twitter_creator":"@DiocesisBilbao","twitter_site":"@DiocesisBilbao","schema":{"@context":"https:\/\/schema.org","@graph":[{"@type":"Article","@id":"https:\/\/bizkeliza.org\/eu\/noticia\/la-biblioteca-diocesana-en-las-jornadas-de-la-asociacion-de-bibliotecarios-de-la-iglesia\/#article","isPartOf":{"@id":"https:\/\/bizkeliza.org\/eu\/noticia\/la-biblioteca-diocesana-en-las-jornadas-de-la-asociacion-de-bibliotecarios-de-la-iglesia\/"},"author":{"name":"bkareaga","@id":"https:\/\/bizkeliza.org\/eu\/#\/schema\/person\/1f27c53156256531056d48959c2f2008"},"headline":"Eleizbarrutiko liburutegia, Eleizako Liburuzainen Alkartearen jardunaldietan","datePublished":"2023-03-21T09:00:18+00:00","dateModified":"2023-03-21T11:58:25+00:00","mainEntityOfPage":{"@id":"https:\/\/bizkeliza.org\/eu\/noticia\/la-biblioteca-diocesana-en-las-jornadas-de-la-asociacion-de-bibliotecarios-de-la-iglesia\/"},"wordCount":122,"publisher":{"@id":"https:\/\/bizkeliza.org\/eu\/#organization"},"image":{"@id":"https:\/\/bizkeliza.org\/eu\/noticia\/la-biblioteca-diocesana-en-las-jornadas-de-la-asociacion-de-bibliotecarios-de-la-iglesia\/#primaryimage"},"thumbnailUrl":"https:\/\/bizkeliza.org\/wp-content\/uploads\/Ponencia-Jaime.jpeg","keywords":["Eleizbarrutiko Liburutegia"],"articleSection":["Lehenengo Orrialdea"],"inLanguage":"eu-ES"},{"@type":"WebPage","@id":"https:\/\/bizkeliza.org\/eu\/noticia\/la-biblioteca-diocesana-en-las-jornadas-de-la-asociacion-de-bibliotecarios-de-la-iglesia\/","url":"https:\/\/bizkeliza.org\/eu\/noticia\/la-biblioteca-diocesana-en-las-jornadas-de-la-asociacion-de-bibliotecarios-de-la-iglesia\/","name":"Eleizbarrutiko liburutegia, Eleizako Liburuzainen Alkartearen jardunaldietan","isPartOf":{"@id":"https:\/\/bizkeliza.org\/eu\/#website"},"primaryImageOfPage":{"@id":"https:\/\/bizkeliza.org\/eu\/noticia\/la-biblioteca-diocesana-en-las-jornadas-de-la-asociacion-de-bibliotecarios-de-la-iglesia\/#primaryimage"},"image":{"@id":"https:\/\/bizkeliza.org\/eu\/noticia\/la-biblioteca-diocesana-en-las-jornadas-de-la-asociacion-de-bibliotecarios-de-la-iglesia\/#primaryimage"},"thumbnailUrl":"https:\/\/bizkeliza.org\/wp-content\/uploads\/Ponencia-Jaime.jpeg","datePublished":"2023-03-21T09:00:18+00:00","dateModified":"2023-03-21T11:58:25+00:00","description":"Jardunaldietan, Eguilazen esanetan, Eleizaren liburutegien katalogo kolektiboa aurkeztu da, proba erara.","breadcrumb":{"@id":"https:\/\/bizkeliza.org\/eu\/noticia\/la-biblioteca-diocesana-en-las-jornadas-de-la-asociacion-de-bibliotecarios-de-la-iglesia\/#breadcrumb"},"inLanguage":"eu-ES","potentialAction":[{"@type":"ReadAction","target":["https:\/\/bizkeliza.org\/eu\/noticia\/la-biblioteca-diocesana-en-las-jornadas-de-la-asociacion-de-bibliotecarios-de-la-iglesia\/"]}]},{"@type":"ImageObject","inLanguage":"eu-ES","@id":"https:\/\/bizkeliza.org\/eu\/noticia\/la-biblioteca-diocesana-en-las-jornadas-de-la-asociacion-de-bibliotecarios-de-la-iglesia\/#primaryimage","url":"https:\/\/bizkeliza.org\/wp-content\/uploads\/Ponencia-Jaime.jpeg","contentUrl":"https:\/\/bizkeliza.org\/wp-content\/uploads\/Ponencia-Jaime.jpeg","width":800,"height":504,"caption":"L\u00f3ez Eguilaz, de la Bibliote ca diocesana , durante su presentac\u00ed\u00f3n."},{"@type":"BreadcrumbList","@id":"https:\/\/bizkeliza.org\/eu\/noticia\/la-biblioteca-diocesana-en-las-jornadas-de-la-asociacion-de-bibliotecarios-de-la-iglesia\/#breadcrumb","itemListElement":[{"@type":"ListItem","position":1,"name":"Portada","item":"https:\/\/bizkeliza.org\/eu\/"},{"@type":"ListItem","position":2,"name":"Eleizbarrutiko liburutegia, Eleizako Liburuzainen Alkartearen jardunaldietan"}]},{"@type":"WebSite","@id":"https:\/\/bizkeliza.org\/eu\/#website","url":"https:\/\/bizkeliza.org\/eu\/","name":"Bilboko Elizbarrutia - Di\u00f3cesis de Bilbao","description":"Di\u00f3cesis de Bilbao","publisher":{"@id":"https:\/\/bizkeliza.org\/eu\/#organization"},"alternateName":"Di\u00f3cesis de Bilbao","potentialAction":[{"@type":"SearchAction","target":{"@type":"EntryPoint","urlTemplate":"https:\/\/bizkeliza.org\/eu\/?s={search_term_string}"},"query-input":{"@type":"PropertyValueSpecification","valueRequired":true,"valueName":"search_term_string"}}],"inLanguage":"eu-ES"},{"@type":"Organization","@id":"https:\/\/bizkeliza.org\/eu\/#organization","name":"Di\u00f3cesis de Bilbao","alternateName":"Di\u00f3cesis de Bilbao","url":"https:\/\/bizkeliza.org\/eu\/","logo":{"@type":"ImageObject","inLanguage":"eu-ES","@id":"https:\/\/bizkeliza.org\/eu\/#\/schema\/logo\/image\/","url":"https:\/\/bizkeliza.org\/wp-content\/uploads\/2022\/06\/Logo-nuevo_2024-1-scaled.jpg","contentUrl":"https:\/\/bizkeliza.org\/wp-content\/uploads\/2022\/06\/Logo-nuevo_2024-1-scaled.jpg","width":2560,"height":1024,"caption":"Di\u00f3cesis de Bilbao"},"image":{"@id":"https:\/\/bizkeliza.org\/eu\/#\/schema\/logo\/image\/"},"sameAs":["https:\/\/www.facebook.com\/DiocesisBilbao\/","https:\/\/x.com\/DiocesisBilbao","https:\/\/www.instagram.com\/obispadobilbao\/","https:\/\/www.youtube.com\/user\/bilbokoelizbarrutia"],"description":"Iglesia local de Bilbao perteneciente a la Iglesia Cat\u00f3lica"},{"@type":"Person","@id":"https:\/\/bizkeliza.org\/eu\/#\/schema\/person\/1f27c53156256531056d48959c2f2008","name":"bkareaga"}]}},"jetpack_featured_media_url":"https:\/\/bizkeliza.org\/wp-content\/uploads\/Ponencia-Jaime.jpeg","_links":{"self":[{"href":"https:\/\/bizkeliza.org\/eu\/wp-json\/wp\/v2\/posts\/61676","targetHints":{"allow":["GET"]}}],"collection":[{"href":"https:\/\/bizkeliza.org\/eu\/wp-json\/wp\/v2\/posts"}],"about":[{"href":"https:\/\/bizkeliza.org\/eu\/wp-json\/wp\/v2\/types\/post"}],"author":[{"embeddable":true,"href":"https:\/\/bizkeliza.org\/eu\/wp-json\/wp\/v2\/users\/20"}],"replies":[{"embeddable":true,"href":"https:\/\/bizkeliza.org\/eu\/wp-json\/wp\/v2\/comments?post=61676"}],"version-history":[{"count":0,"href":"https:\/\/bizkeliza.org\/eu\/wp-json\/wp\/v2\/posts\/61676\/revisions"}],"wp:featuredmedia":[{"embeddable":true,"href":"https:\/\/bizkeliza.org\/eu\/wp-json\/wp\/v2\/media\/61662"}],"wp:attachment":[{"href":"https:\/\/bizkeliza.org\/eu\/wp-json\/wp\/v2\/media?parent=61676"}],"wp:term":[{"taxonomy":"category","embeddable":true,"href":"https:\/\/bizkeliza.org\/eu\/wp-json\/wp\/v2\/categories?post=61676"},{"taxonomy":"post_tag","embeddable":true,"href":"https:\/\/bizkeliza.org\/eu\/wp-json\/wp\/v2\/tags?post=61676"}],"curies":[{"name":"wp","href":"https:\/\/api.w.org\/{rel}","templated":true}]}}