{"id":65065,"date":"2019-12-27T13:30:00","date_gmt":"2019-12-27T12:30:00","guid":{"rendered":"https:\/\/bizkeliza.org\/noticia\/lehenengo-kontzertua-algortako-san-nikolas-eleizan-barriro-inauguratu-daben-organoagaz\/"},"modified":"2023-04-27T12:05:57","modified_gmt":"2023-04-27T10:05:57","slug":"lehenengo-kontzertua-algortako-san-nikolas-eleizan-barriro-inauguratu-daben-organoagaz","status":"publish","type":"post","link":"https:\/\/bizkeliza.org\/eu\/noticia\/lehenengo-kontzertua-algortako-san-nikolas-eleizan-barriro-inauguratu-daben-organoagaz\/","title":{"rendered":"Lehenengo kontzertua Algortako San Nikolas eleizan, barriro inauguratu daben organoagaz"},"content":{"rendered":"\n<p>Musika-tresna hau Parisen egin eben 1908an haritz-egurrez. Berrogeta hamasei notatako eskuzko teklatu bi daukaz eta 30 notatako pedalier bat. 2018an hasi ziran zaharbarritzen, benetan \u201chondatuta\u201d egoalako.&#13;\n&#13;\n<\/p>\n\n<p>Eleiztarrek jarri dabe zaharbarritzeko behar izan dan diruaren -60.000 euro- zatirik handiena. Musika-eskolak 6.000 euro jarri ditu eta udalak antolatu ditu kontzertuak. Lehenengoa gaur ospatuko da eta bigarrena, urtarrilaren 25ean eta bertan Aitor Olea kontzertu-emoile ospetsuak organoa joko dau, Patricia Sesar sopranoak be jardungo daualarik.&#13;\n&#13;\n<\/p>\n\n<p>Javier Garai parrokoak organoaren zaharbarritzearen aurkezpenean adierazo ebanez, parrokiak, gertaera honen bitartez, \u201corganoa eta San Nikolas eleiza balio kultural, balio turistiko bihurtu gura ditu eta herria eremu zoragarri balioa emoteko egitasmo osoagaz bat egitera bultzatu\u201d. Parrokoaren esanetan, \u201cerabilera liturgikoa\u201d emon gura jako, baina gaur egun zerbait gehiago be eskatzen dala jakinda, holan \u201cherriak balortu, maitatu eta erabili daian\u201d.<\/p>\n","protected":false},"excerpt":{"rendered":"<p>Musika-tresna hau Parisen egin eben 1908an haritz-egurrez. Berrogeta hamasei notatako eskuzko teklatu bi daukaz eta 30 notatako pedalier bat. 2018an hasi ziran zaharbarritzen, benetan \u201chondatuta\u201d egoalako.&#13; &#13; Eleiztarrek jarri dabe zaharbarritzeko behar izan dan diruaren -60.000 euro- zatirik handiena. Musika-eskolak 6.000 euro jarri ditu eta udalak antolatu ditu kontzertuak. Lehenengoa gaur ospatuko da eta bigarrena, [&hellip;]<\/p>\n","protected":false},"author":17,"featured_media":65062,"comment_status":"closed","ping_status":"closed","sticky":false,"template":"","format":"standard","meta":{"_acf_changed":false,"_et_pb_use_builder":"off","_et_pb_old_content":"","_et_gb_content_width":"","footnotes":""},"categories":[503,506],"tags":[515,746,136,675],"class_list":["post-65065","post","type-post","status-publish","format-standard","has-post-thumbnail","hentry","category-kultura","category-lehenengo-orrialdea","tag-algorta-eu","tag-musika","tag-organo","tag-ondarea"],"acf":[],"yoast_head":"<!-- This site is optimized with the Yoast SEO Premium plugin v27.5 (Yoast SEO v27.5) - https:\/\/yoast.com\/product\/yoast-seo-premium-wordpress\/ -->\n<title>Reinauguraci\u00f3n del \u00f3rgano de San Nicol\u00e1s de Algorta<\/title>\n<meta name=\"description\" content=\"Gaur iluntzeko zortzietan, Daniel Oyarzabal organista gasteiztarrak kontzertua eskainiko dau Algortako Bariko San Nikolas eleizan, barriro inauguratu daben organoagaz. Abenduaren 6an ospatu eben mezan bedeinkatu eben organo zaharbarritua.\" \/>\n<meta name=\"robots\" content=\"index, follow, max-snippet:-1, max-image-preview:large, max-video-preview:-1\" \/>\n<link rel=\"canonical\" href=\"https:\/\/bizkeliza.org\/eu\/noticia\/lehenengo-kontzertua-algortako-san-nikolas-eleizan-barriro-inauguratu-daben-organoagaz\/\" \/>\n<meta property=\"og:locale\" content=\"eu_ES\" \/>\n<meta property=\"og:type\" content=\"article\" \/>\n<meta property=\"og:title\" content=\"Lehenengo kontzertua Algortako San Nikolas eleizan, barriro inauguratu daben organoagaz\" \/>\n<meta property=\"og:description\" content=\"Gaur iluntzeko zortzietan, Daniel Oyarzabal organista gasteiztarrak kontzertua eskainiko dau Algortako Bariko San Nikolas eleizan, barriro inauguratu daben organoagaz. Abenduaren 6an ospatu eben mezan bedeinkatu eben organo zaharbarritua.\" \/>\n<meta property=\"og:url\" content=\"https:\/\/bizkeliza.org\/eu\/noticia\/lehenengo-kontzertua-algortako-san-nikolas-eleizan-barriro-inauguratu-daben-organoagaz\/\" \/>\n<meta property=\"og:site_name\" content=\"Bilboko Elizbarrutia - Di\u00f3cesis de Bilbao\" \/>\n<meta property=\"article:publisher\" content=\"https:\/\/www.facebook.com\/DiocesisBilbao\/\" \/>\n<meta property=\"article:published_time\" content=\"2019-12-27T12:30:00+00:00\" \/>\n<meta property=\"article:modified_time\" content=\"2023-04-27T10:05:57+00:00\" \/>\n<meta property=\"og:image\" content=\"https:\/\/bizkeliza.org\/wp-content\/uploads\/daniel-oyarzabal.jpg\" \/>\n\t<meta property=\"og:image:width\" content=\"300\" \/>\n\t<meta property=\"og:image:height\" content=\"181\" \/>\n\t<meta property=\"og:image:type\" content=\"image\/jpeg\" \/>\n<meta name=\"author\" content=\"fgorrotxategi\" \/>\n<meta name=\"twitter:card\" content=\"summary_large_image\" \/>\n<meta name=\"twitter:creator\" content=\"@DiocesisBilbao\" \/>\n<meta name=\"twitter:site\" content=\"@DiocesisBilbao\" \/>\n<script type=\"application\/ld+json\" class=\"yoast-schema-graph\">{\"@context\":\"https:\\\/\\\/schema.org\",\"@graph\":[{\"@type\":\"Article\",\"@id\":\"https:\\\/\\\/bizkeliza.org\\\/eu\\\/noticia\\\/lehenengo-kontzertua-algortako-san-nikolas-eleizan-barriro-inauguratu-daben-organoagaz\\\/#article\",\"isPartOf\":{\"@id\":\"https:\\\/\\\/bizkeliza.org\\\/eu\\\/noticia\\\/lehenengo-kontzertua-algortako-san-nikolas-eleizan-barriro-inauguratu-daben-organoagaz\\\/\"},\"author\":{\"name\":\"fgorrotxategi\",\"@id\":\"https:\\\/\\\/bizkeliza.org\\\/eu\\\/#\\\/schema\\\/person\\\/efc30fc869f080a68b97dda57c8f400c\"},\"headline\":\"Lehenengo kontzertua Algortako San Nikolas eleizan, barriro inauguratu daben organoagaz\",\"datePublished\":\"2019-12-27T12:30:00+00:00\",\"dateModified\":\"2023-04-27T10:05:57+00:00\",\"mainEntityOfPage\":{\"@id\":\"https:\\\/\\\/bizkeliza.org\\\/eu\\\/noticia\\\/lehenengo-kontzertua-algortako-san-nikolas-eleizan-barriro-inauguratu-daben-organoagaz\\\/\"},\"wordCount\":137,\"publisher\":{\"@id\":\"https:\\\/\\\/bizkeliza.org\\\/eu\\\/#organization\"},\"image\":{\"@id\":\"https:\\\/\\\/bizkeliza.org\\\/eu\\\/noticia\\\/lehenengo-kontzertua-algortako-san-nikolas-eleizan-barriro-inauguratu-daben-organoagaz\\\/#primaryimage\"},\"thumbnailUrl\":\"https:\\\/\\\/bizkeliza.org\\\/wp-content\\\/uploads\\\/daniel-oyarzabal.jpg\",\"keywords\":[\"Algorta\",\"Musika\",\"Organoa\",\"Ondarea\"],\"articleSection\":[\"Kultura\",\"Lehenengo Orrialdea\"],\"inLanguage\":\"eu-ES\"},{\"@type\":\"WebPage\",\"@id\":\"https:\\\/\\\/bizkeliza.org\\\/eu\\\/noticia\\\/lehenengo-kontzertua-algortako-san-nikolas-eleizan-barriro-inauguratu-daben-organoagaz\\\/\",\"url\":\"https:\\\/\\\/bizkeliza.org\\\/eu\\\/noticia\\\/lehenengo-kontzertua-algortako-san-nikolas-eleizan-barriro-inauguratu-daben-organoagaz\\\/\",\"name\":\"Reinauguraci\u00f3n del \u00f3rgano de San Nicol\u00e1s de Algorta\",\"isPartOf\":{\"@id\":\"https:\\\/\\\/bizkeliza.org\\\/eu\\\/#website\"},\"primaryImageOfPage\":{\"@id\":\"https:\\\/\\\/bizkeliza.org\\\/eu\\\/noticia\\\/lehenengo-kontzertua-algortako-san-nikolas-eleizan-barriro-inauguratu-daben-organoagaz\\\/#primaryimage\"},\"image\":{\"@id\":\"https:\\\/\\\/bizkeliza.org\\\/eu\\\/noticia\\\/lehenengo-kontzertua-algortako-san-nikolas-eleizan-barriro-inauguratu-daben-organoagaz\\\/#primaryimage\"},\"thumbnailUrl\":\"https:\\\/\\\/bizkeliza.org\\\/wp-content\\\/uploads\\\/daniel-oyarzabal.jpg\",\"datePublished\":\"2019-12-27T12:30:00+00:00\",\"dateModified\":\"2023-04-27T10:05:57+00:00\",\"description\":\"Gaur iluntzeko zortzietan, Daniel Oyarzabal organista gasteiztarrak kontzertua eskainiko dau Algortako Bariko San Nikolas eleizan, barriro inauguratu daben organoagaz. Abenduaren 6an ospatu eben mezan bedeinkatu eben organo zaharbarritua.\",\"breadcrumb\":{\"@id\":\"https:\\\/\\\/bizkeliza.org\\\/eu\\\/noticia\\\/lehenengo-kontzertua-algortako-san-nikolas-eleizan-barriro-inauguratu-daben-organoagaz\\\/#breadcrumb\"},\"inLanguage\":\"eu-ES\",\"potentialAction\":[{\"@type\":\"ReadAction\",\"target\":[\"https:\\\/\\\/bizkeliza.org\\\/eu\\\/noticia\\\/lehenengo-kontzertua-algortako-san-nikolas-eleizan-barriro-inauguratu-daben-organoagaz\\\/\"]}]},{\"@type\":\"ImageObject\",\"inLanguage\":\"eu-ES\",\"@id\":\"https:\\\/\\\/bizkeliza.org\\\/eu\\\/noticia\\\/lehenengo-kontzertua-algortako-san-nikolas-eleizan-barriro-inauguratu-daben-organoagaz\\\/#primaryimage\",\"url\":\"https:\\\/\\\/bizkeliza.org\\\/wp-content\\\/uploads\\\/daniel-oyarzabal.jpg\",\"contentUrl\":\"https:\\\/\\\/bizkeliza.org\\\/wp-content\\\/uploads\\\/daniel-oyarzabal.jpg\",\"width\":300,\"height\":181},{\"@type\":\"BreadcrumbList\",\"@id\":\"https:\\\/\\\/bizkeliza.org\\\/eu\\\/noticia\\\/lehenengo-kontzertua-algortako-san-nikolas-eleizan-barriro-inauguratu-daben-organoagaz\\\/#breadcrumb\",\"itemListElement\":[{\"@type\":\"ListItem\",\"position\":1,\"name\":\"Portada\",\"item\":\"https:\\\/\\\/bizkeliza.org\\\/eu\\\/\"},{\"@type\":\"ListItem\",\"position\":2,\"name\":\"Lehenengo kontzertua Algortako San Nikolas eleizan, barriro inauguratu daben organoagaz\"}]},{\"@type\":\"WebSite\",\"@id\":\"https:\\\/\\\/bizkeliza.org\\\/eu\\\/#website\",\"url\":\"https:\\\/\\\/bizkeliza.org\\\/eu\\\/\",\"name\":\"Bilboko Elizbarrutia - Di\u00f3cesis de Bilbao\",\"description\":\"Di\u00f3cesis de Bilbao\",\"publisher\":{\"@id\":\"https:\\\/\\\/bizkeliza.org\\\/eu\\\/#organization\"},\"alternateName\":\"Di\u00f3cesis de Bilbao\",\"potentialAction\":[{\"@type\":\"SearchAction\",\"target\":{\"@type\":\"EntryPoint\",\"urlTemplate\":\"https:\\\/\\\/bizkeliza.org\\\/eu\\\/?s={search_term_string}\"},\"query-input\":{\"@type\":\"PropertyValueSpecification\",\"valueRequired\":true,\"valueName\":\"search_term_string\"}}],\"inLanguage\":\"eu-ES\"},{\"@type\":\"Organization\",\"@id\":\"https:\\\/\\\/bizkeliza.org\\\/eu\\\/#organization\",\"name\":\"Di\u00f3cesis de Bilbao\",\"alternateName\":\"Di\u00f3cesis de Bilbao\",\"url\":\"https:\\\/\\\/bizkeliza.org\\\/eu\\\/\",\"logo\":{\"@type\":\"ImageObject\",\"inLanguage\":\"eu-ES\",\"@id\":\"https:\\\/\\\/bizkeliza.org\\\/eu\\\/#\\\/schema\\\/logo\\\/image\\\/\",\"url\":\"https:\\\/\\\/bizkeliza.org\\\/wp-content\\\/uploads\\\/2022\\\/06\\\/Logo-nuevo_2024-1-scaled.jpg\",\"contentUrl\":\"https:\\\/\\\/bizkeliza.org\\\/wp-content\\\/uploads\\\/2022\\\/06\\\/Logo-nuevo_2024-1-scaled.jpg\",\"width\":2560,\"height\":1024,\"caption\":\"Di\u00f3cesis de Bilbao\"},\"image\":{\"@id\":\"https:\\\/\\\/bizkeliza.org\\\/eu\\\/#\\\/schema\\\/logo\\\/image\\\/\"},\"sameAs\":[\"https:\\\/\\\/www.facebook.com\\\/DiocesisBilbao\\\/\",\"https:\\\/\\\/x.com\\\/DiocesisBilbao\",\"https:\\\/\\\/www.instagram.com\\\/obispadobilbao\\\/\",\"https:\\\/\\\/www.youtube.com\\\/user\\\/bilbokoelizbarrutia\"],\"description\":\"Iglesia local de Bilbao perteneciente a la Iglesia Cat\u00f3lica\"},{\"@type\":\"Person\",\"@id\":\"https:\\\/\\\/bizkeliza.org\\\/eu\\\/#\\\/schema\\\/person\\\/efc30fc869f080a68b97dda57c8f400c\",\"name\":\"fgorrotxategi\"}]}<\/script>\n<!-- \/ Yoast SEO Premium plugin. -->","yoast_head_json":{"title":"Reinauguraci\u00f3n del \u00f3rgano de San Nicol\u00e1s de Algorta","description":"Gaur iluntzeko zortzietan, Daniel Oyarzabal organista gasteiztarrak kontzertua eskainiko dau Algortako Bariko San Nikolas eleizan, barriro inauguratu daben organoagaz. Abenduaren 6an ospatu eben mezan bedeinkatu eben organo zaharbarritua.","robots":{"index":"index","follow":"follow","max-snippet":"max-snippet:-1","max-image-preview":"max-image-preview:large","max-video-preview":"max-video-preview:-1"},"canonical":"https:\/\/bizkeliza.org\/eu\/noticia\/lehenengo-kontzertua-algortako-san-nikolas-eleizan-barriro-inauguratu-daben-organoagaz\/","og_locale":"eu_ES","og_type":"article","og_title":"Lehenengo kontzertua Algortako San Nikolas eleizan, barriro inauguratu daben organoagaz","og_description":"Gaur iluntzeko zortzietan, Daniel Oyarzabal organista gasteiztarrak kontzertua eskainiko dau Algortako Bariko San Nikolas eleizan, barriro inauguratu daben organoagaz. Abenduaren 6an ospatu eben mezan bedeinkatu eben organo zaharbarritua.","og_url":"https:\/\/bizkeliza.org\/eu\/noticia\/lehenengo-kontzertua-algortako-san-nikolas-eleizan-barriro-inauguratu-daben-organoagaz\/","og_site_name":"Bilboko Elizbarrutia - Di\u00f3cesis de Bilbao","article_publisher":"https:\/\/www.facebook.com\/DiocesisBilbao\/","article_published_time":"2019-12-27T12:30:00+00:00","article_modified_time":"2023-04-27T10:05:57+00:00","og_image":[{"width":300,"height":181,"url":"https:\/\/bizkeliza.org\/wp-content\/uploads\/daniel-oyarzabal.jpg","type":"image\/jpeg"}],"author":"fgorrotxategi","twitter_card":"summary_large_image","twitter_creator":"@DiocesisBilbao","twitter_site":"@DiocesisBilbao","schema":{"@context":"https:\/\/schema.org","@graph":[{"@type":"Article","@id":"https:\/\/bizkeliza.org\/eu\/noticia\/lehenengo-kontzertua-algortako-san-nikolas-eleizan-barriro-inauguratu-daben-organoagaz\/#article","isPartOf":{"@id":"https:\/\/bizkeliza.org\/eu\/noticia\/lehenengo-kontzertua-algortako-san-nikolas-eleizan-barriro-inauguratu-daben-organoagaz\/"},"author":{"name":"fgorrotxategi","@id":"https:\/\/bizkeliza.org\/eu\/#\/schema\/person\/efc30fc869f080a68b97dda57c8f400c"},"headline":"Lehenengo kontzertua Algortako San Nikolas eleizan, barriro inauguratu daben organoagaz","datePublished":"2019-12-27T12:30:00+00:00","dateModified":"2023-04-27T10:05:57+00:00","mainEntityOfPage":{"@id":"https:\/\/bizkeliza.org\/eu\/noticia\/lehenengo-kontzertua-algortako-san-nikolas-eleizan-barriro-inauguratu-daben-organoagaz\/"},"wordCount":137,"publisher":{"@id":"https:\/\/bizkeliza.org\/eu\/#organization"},"image":{"@id":"https:\/\/bizkeliza.org\/eu\/noticia\/lehenengo-kontzertua-algortako-san-nikolas-eleizan-barriro-inauguratu-daben-organoagaz\/#primaryimage"},"thumbnailUrl":"https:\/\/bizkeliza.org\/wp-content\/uploads\/daniel-oyarzabal.jpg","keywords":["Algorta","Musika","Organoa","Ondarea"],"articleSection":["Kultura","Lehenengo Orrialdea"],"inLanguage":"eu-ES"},{"@type":"WebPage","@id":"https:\/\/bizkeliza.org\/eu\/noticia\/lehenengo-kontzertua-algortako-san-nikolas-eleizan-barriro-inauguratu-daben-organoagaz\/","url":"https:\/\/bizkeliza.org\/eu\/noticia\/lehenengo-kontzertua-algortako-san-nikolas-eleizan-barriro-inauguratu-daben-organoagaz\/","name":"Reinauguraci\u00f3n del \u00f3rgano de San Nicol\u00e1s de Algorta","isPartOf":{"@id":"https:\/\/bizkeliza.org\/eu\/#website"},"primaryImageOfPage":{"@id":"https:\/\/bizkeliza.org\/eu\/noticia\/lehenengo-kontzertua-algortako-san-nikolas-eleizan-barriro-inauguratu-daben-organoagaz\/#primaryimage"},"image":{"@id":"https:\/\/bizkeliza.org\/eu\/noticia\/lehenengo-kontzertua-algortako-san-nikolas-eleizan-barriro-inauguratu-daben-organoagaz\/#primaryimage"},"thumbnailUrl":"https:\/\/bizkeliza.org\/wp-content\/uploads\/daniel-oyarzabal.jpg","datePublished":"2019-12-27T12:30:00+00:00","dateModified":"2023-04-27T10:05:57+00:00","description":"Gaur iluntzeko zortzietan, Daniel Oyarzabal organista gasteiztarrak kontzertua eskainiko dau Algortako Bariko San Nikolas eleizan, barriro inauguratu daben organoagaz. Abenduaren 6an ospatu eben mezan bedeinkatu eben organo zaharbarritua.","breadcrumb":{"@id":"https:\/\/bizkeliza.org\/eu\/noticia\/lehenengo-kontzertua-algortako-san-nikolas-eleizan-barriro-inauguratu-daben-organoagaz\/#breadcrumb"},"inLanguage":"eu-ES","potentialAction":[{"@type":"ReadAction","target":["https:\/\/bizkeliza.org\/eu\/noticia\/lehenengo-kontzertua-algortako-san-nikolas-eleizan-barriro-inauguratu-daben-organoagaz\/"]}]},{"@type":"ImageObject","inLanguage":"eu-ES","@id":"https:\/\/bizkeliza.org\/eu\/noticia\/lehenengo-kontzertua-algortako-san-nikolas-eleizan-barriro-inauguratu-daben-organoagaz\/#primaryimage","url":"https:\/\/bizkeliza.org\/wp-content\/uploads\/daniel-oyarzabal.jpg","contentUrl":"https:\/\/bizkeliza.org\/wp-content\/uploads\/daniel-oyarzabal.jpg","width":300,"height":181},{"@type":"BreadcrumbList","@id":"https:\/\/bizkeliza.org\/eu\/noticia\/lehenengo-kontzertua-algortako-san-nikolas-eleizan-barriro-inauguratu-daben-organoagaz\/#breadcrumb","itemListElement":[{"@type":"ListItem","position":1,"name":"Portada","item":"https:\/\/bizkeliza.org\/eu\/"},{"@type":"ListItem","position":2,"name":"Lehenengo kontzertua Algortako San Nikolas eleizan, barriro inauguratu daben organoagaz"}]},{"@type":"WebSite","@id":"https:\/\/bizkeliza.org\/eu\/#website","url":"https:\/\/bizkeliza.org\/eu\/","name":"Bilboko Elizbarrutia - Di\u00f3cesis de Bilbao","description":"Di\u00f3cesis de Bilbao","publisher":{"@id":"https:\/\/bizkeliza.org\/eu\/#organization"},"alternateName":"Di\u00f3cesis de Bilbao","potentialAction":[{"@type":"SearchAction","target":{"@type":"EntryPoint","urlTemplate":"https:\/\/bizkeliza.org\/eu\/?s={search_term_string}"},"query-input":{"@type":"PropertyValueSpecification","valueRequired":true,"valueName":"search_term_string"}}],"inLanguage":"eu-ES"},{"@type":"Organization","@id":"https:\/\/bizkeliza.org\/eu\/#organization","name":"Di\u00f3cesis de Bilbao","alternateName":"Di\u00f3cesis de Bilbao","url":"https:\/\/bizkeliza.org\/eu\/","logo":{"@type":"ImageObject","inLanguage":"eu-ES","@id":"https:\/\/bizkeliza.org\/eu\/#\/schema\/logo\/image\/","url":"https:\/\/bizkeliza.org\/wp-content\/uploads\/2022\/06\/Logo-nuevo_2024-1-scaled.jpg","contentUrl":"https:\/\/bizkeliza.org\/wp-content\/uploads\/2022\/06\/Logo-nuevo_2024-1-scaled.jpg","width":2560,"height":1024,"caption":"Di\u00f3cesis de Bilbao"},"image":{"@id":"https:\/\/bizkeliza.org\/eu\/#\/schema\/logo\/image\/"},"sameAs":["https:\/\/www.facebook.com\/DiocesisBilbao\/","https:\/\/x.com\/DiocesisBilbao","https:\/\/www.instagram.com\/obispadobilbao\/","https:\/\/www.youtube.com\/user\/bilbokoelizbarrutia"],"description":"Iglesia local de Bilbao perteneciente a la Iglesia Cat\u00f3lica"},{"@type":"Person","@id":"https:\/\/bizkeliza.org\/eu\/#\/schema\/person\/efc30fc869f080a68b97dda57c8f400c","name":"fgorrotxategi"}]}},"jetpack_featured_media_url":"https:\/\/bizkeliza.org\/wp-content\/uploads\/daniel-oyarzabal.jpg","_links":{"self":[{"href":"https:\/\/bizkeliza.org\/eu\/wp-json\/wp\/v2\/posts\/65065","targetHints":{"allow":["GET"]}}],"collection":[{"href":"https:\/\/bizkeliza.org\/eu\/wp-json\/wp\/v2\/posts"}],"about":[{"href":"https:\/\/bizkeliza.org\/eu\/wp-json\/wp\/v2\/types\/post"}],"author":[{"embeddable":true,"href":"https:\/\/bizkeliza.org\/eu\/wp-json\/wp\/v2\/users\/17"}],"replies":[{"embeddable":true,"href":"https:\/\/bizkeliza.org\/eu\/wp-json\/wp\/v2\/comments?post=65065"}],"version-history":[{"count":0,"href":"https:\/\/bizkeliza.org\/eu\/wp-json\/wp\/v2\/posts\/65065\/revisions"}],"wp:featuredmedia":[{"embeddable":true,"href":"https:\/\/bizkeliza.org\/eu\/wp-json\/wp\/v2\/media\/65062"}],"wp:attachment":[{"href":"https:\/\/bizkeliza.org\/eu\/wp-json\/wp\/v2\/media?parent=65065"}],"wp:term":[{"taxonomy":"category","embeddable":true,"href":"https:\/\/bizkeliza.org\/eu\/wp-json\/wp\/v2\/categories?post=65065"},{"taxonomy":"post_tag","embeddable":true,"href":"https:\/\/bizkeliza.org\/eu\/wp-json\/wp\/v2\/tags?post=65065"}],"curies":[{"name":"wp","href":"https:\/\/api.w.org\/{rel}","templated":true}]}}