{"id":66467,"date":"2023-05-08T11:30:00","date_gmt":"2023-05-08T09:30:00","guid":{"rendered":"https:\/\/bizkeliza.org\/noticia\/las-primeras-comuniones-en-ermua-mantienen-la-tradicion-de-las-tunicas\/"},"modified":"2023-05-08T16:49:42","modified_gmt":"2023-05-08T14:49:42","slug":"las-primeras-comuniones-en-ermua-mantienen-la-tradicion-de-las-tunicas","status":"publish","type":"post","link":"https:\/\/bizkeliza.org\/eu\/noticia\/las-primeras-comuniones-en-ermua-mantienen-la-tradicion-de-las-tunicas\/","title":{"rendered":"Ermuan, umeek abituaz egiten dabe Lehenengo Jaunartzea"},"content":{"rendered":"\n<p><p><strong>Esti Duran<\/strong> Fede-zabalkunde eta Katekesirako <strong>Oiz-Anboto<\/strong> Pastoral Barrutiko (PB) arduradunak azaldu dauanez, Lehenengo Jaunartzea abituaz egiteko ohiturak\u00a0<em>&#8220;bateo-sena nabarmentzen dau lehenengo eta Benedikto XVI.a aita santuak gogoratzen ebanez, eukaristia-sena be badau, albak senargaiaren, hau da, Jesukristoren banketera gonbidatutako guztiek eroan behar daben &#8220;maitasunaren jantzia&#8221; gogoratzen deuskulako. Gainera, parrokiak soiltasuna, doitasuna eta bardintasuna nabarmentzen dauan ereduaren aldeko apustua egiten jarraitzen dau&#8221;.<\/em><\/p><\/p>\n","protected":false},"excerpt":{"rendered":"<p>Esti Duran Fede-zabalkunde eta Katekesirako Oiz-Anboto Pastoral Barrutiko (PB) arduradunak azaldu dauanez, Lehenengo Jaunartzea abituaz egiteko ohiturak\u00a0&#8220;bateo-sena nabarmentzen dau lehenengo eta Benedikto XVI.a aita santuak gogoratzen ebanez, eukaristia-sena be badau, albak senargaiaren, hau da, Jesukristoren banketera gonbidatutako guztiek eroan behar daben &#8220;maitasunaren jantzia&#8221; gogoratzen deuskulako. Gainera, parrokiak soiltasuna, doitasuna eta bardintasuna nabarmentzen dauan ereduaren aldeko [&hellip;]<\/p>\n","protected":false},"author":20,"featured_media":66457,"comment_status":"closed","ping_status":"closed","sticky":false,"template":"","format":"standard","meta":{"_acf_changed":false,"_et_pb_use_builder":"off","_et_pb_old_content":"","_et_gb_content_width":"","footnotes":""},"categories":[493,506,492],"tags":[671],"class_list":["post-66467","post","type-post","status-publish","format-standard","has-post-thumbnail","hentry","category-fede-zabalkunde-eta-katekesia","category-lehenengo-orrialdea","category-pastoral-ekintza","tag-parrokiak"],"acf":[],"yoast_head":"<!-- This site is optimized with the Yoast SEO Premium plugin v27.2 (Yoast SEO v27.2) - https:\/\/yoast.com\/product\/yoast-seo-premium-wordpress\/ -->\n<title>Ermuan, umeek abituaz egiten dabe Lehenengo Jaunartzea<\/title>\n<meta name=\"description\" content=\"Estibaliz Duran Fede-zabalkunde eta Katekesirako Oiz-Anbotoko arduradunak azaldu dauanez, Lehenengo Jaunartzea abituaz egiteko ohitura\" \/>\n<meta name=\"robots\" content=\"index, follow, max-snippet:-1, max-image-preview:large, max-video-preview:-1\" \/>\n<link rel=\"canonical\" href=\"https:\/\/bizkeliza.org\/eu\/noticia\/las-primeras-comuniones-en-ermua-mantienen-la-tradicion-de-las-tunicas\/\" \/>\n<meta property=\"og:locale\" content=\"eu_ES\" \/>\n<meta property=\"og:type\" content=\"article\" \/>\n<meta property=\"og:title\" content=\"Ermuan, umeek abituaz egiten dabe Lehenengo Jaunartzea\" \/>\n<meta property=\"og:description\" content=\"Estibaliz Duran Fede-zabalkunde eta Katekesirako Oiz-Anbotoko arduradunak azaldu dauanez, Lehenengo Jaunartzea abituaz egiteko ohitura\" \/>\n<meta property=\"og:url\" content=\"https:\/\/bizkeliza.org\/eu\/noticia\/las-primeras-comuniones-en-ermua-mantienen-la-tradicion-de-las-tunicas\/\" \/>\n<meta property=\"og:site_name\" content=\"Bilboko Elizbarrutia - Di\u00f3cesis de Bilbao\" \/>\n<meta property=\"article:publisher\" content=\"https:\/\/www.facebook.com\/DiocesisBilbao\/\" \/>\n<meta property=\"article:published_time\" content=\"2023-05-08T09:30:00+00:00\" \/>\n<meta property=\"article:modified_time\" content=\"2023-05-08T14:49:42+00:00\" \/>\n<meta property=\"og:image\" content=\"https:\/\/bizkeliza.org\/wp-content\/uploads\/IMG-20230508-WA0003.jpg\" \/>\n\t<meta property=\"og:image:width\" content=\"600\" \/>\n\t<meta property=\"og:image:height\" content=\"600\" \/>\n\t<meta property=\"og:image:type\" content=\"image\/jpeg\" \/>\n<meta name=\"author\" content=\"bkareaga\" \/>\n<meta name=\"twitter:card\" content=\"summary_large_image\" \/>\n<meta name=\"twitter:creator\" content=\"@DiocesisBilbao\" \/>\n<meta name=\"twitter:site\" content=\"@DiocesisBilbao\" \/>\n<script type=\"application\/ld+json\" class=\"yoast-schema-graph\">{\"@context\":\"https:\/\/schema.org\",\"@graph\":[{\"@type\":\"Article\",\"@id\":\"https:\/\/bizkeliza.org\/eu\/noticia\/las-primeras-comuniones-en-ermua-mantienen-la-tradicion-de-las-tunicas\/#article\",\"isPartOf\":{\"@id\":\"https:\/\/bizkeliza.org\/eu\/noticia\/las-primeras-comuniones-en-ermua-mantienen-la-tradicion-de-las-tunicas\/\"},\"author\":{\"name\":\"bkareaga\",\"@id\":\"https:\/\/bizkeliza.org\/eu\/#\/schema\/person\/1f27c53156256531056d48959c2f2008\"},\"headline\":\"Ermuan, umeek abituaz egiten dabe Lehenengo Jaunartzea\",\"datePublished\":\"2023-05-08T09:30:00+00:00\",\"dateModified\":\"2023-05-08T14:49:42+00:00\",\"mainEntityOfPage\":{\"@id\":\"https:\/\/bizkeliza.org\/eu\/noticia\/las-primeras-comuniones-en-ermua-mantienen-la-tradicion-de-las-tunicas\/\"},\"wordCount\":68,\"publisher\":{\"@id\":\"https:\/\/bizkeliza.org\/eu\/#organization\"},\"image\":{\"@id\":\"https:\/\/bizkeliza.org\/eu\/noticia\/las-primeras-comuniones-en-ermua-mantienen-la-tradicion-de-las-tunicas\/#primaryimage\"},\"thumbnailUrl\":\"https:\/\/bizkeliza.org\/wp-content\/uploads\/IMG-20230508-WA0003.jpg\",\"keywords\":[\"Parrokiak\"],\"articleSection\":[\"Fede-zabalkunde eta Katekesia\",\"Lehenengo Orrialdea\",\"Pastoral ekintza\"],\"inLanguage\":\"eu-ES\"},{\"@type\":\"WebPage\",\"@id\":\"https:\/\/bizkeliza.org\/eu\/noticia\/las-primeras-comuniones-en-ermua-mantienen-la-tradicion-de-las-tunicas\/\",\"url\":\"https:\/\/bizkeliza.org\/eu\/noticia\/las-primeras-comuniones-en-ermua-mantienen-la-tradicion-de-las-tunicas\/\",\"name\":\"Ermuan, umeek abituaz egiten dabe Lehenengo Jaunartzea\",\"isPartOf\":{\"@id\":\"https:\/\/bizkeliza.org\/eu\/#website\"},\"primaryImageOfPage\":{\"@id\":\"https:\/\/bizkeliza.org\/eu\/noticia\/las-primeras-comuniones-en-ermua-mantienen-la-tradicion-de-las-tunicas\/#primaryimage\"},\"image\":{\"@id\":\"https:\/\/bizkeliza.org\/eu\/noticia\/las-primeras-comuniones-en-ermua-mantienen-la-tradicion-de-las-tunicas\/#primaryimage\"},\"thumbnailUrl\":\"https:\/\/bizkeliza.org\/wp-content\/uploads\/IMG-20230508-WA0003.jpg\",\"datePublished\":\"2023-05-08T09:30:00+00:00\",\"dateModified\":\"2023-05-08T14:49:42+00:00\",\"description\":\"Estibaliz Duran Fede-zabalkunde eta Katekesirako Oiz-Anbotoko arduradunak azaldu dauanez, Lehenengo Jaunartzea abituaz egiteko ohitura\",\"breadcrumb\":{\"@id\":\"https:\/\/bizkeliza.org\/eu\/noticia\/las-primeras-comuniones-en-ermua-mantienen-la-tradicion-de-las-tunicas\/#breadcrumb\"},\"inLanguage\":\"eu-ES\",\"potentialAction\":[{\"@type\":\"ReadAction\",\"target\":[\"https:\/\/bizkeliza.org\/eu\/noticia\/las-primeras-comuniones-en-ermua-mantienen-la-tradicion-de-las-tunicas\/\"]}]},{\"@type\":\"ImageObject\",\"inLanguage\":\"eu-ES\",\"@id\":\"https:\/\/bizkeliza.org\/eu\/noticia\/las-primeras-comuniones-en-ermua-mantienen-la-tradicion-de-las-tunicas\/#primaryimage\",\"url\":\"https:\/\/bizkeliza.org\/wp-content\/uploads\/IMG-20230508-WA0003.jpg\",\"contentUrl\":\"https:\/\/bizkeliza.org\/wp-content\/uploads\/IMG-20230508-WA0003.jpg\",\"width\":600,\"height\":600,\"caption\":\"Grupo de ni\u00f1os y ni\u00f1as que ayer hicieron la Primera Comuni\u00f3n, en Ermua.\"},{\"@type\":\"BreadcrumbList\",\"@id\":\"https:\/\/bizkeliza.org\/eu\/noticia\/las-primeras-comuniones-en-ermua-mantienen-la-tradicion-de-las-tunicas\/#breadcrumb\",\"itemListElement\":[{\"@type\":\"ListItem\",\"position\":1,\"name\":\"Portada\",\"item\":\"https:\/\/bizkeliza.org\/eu\/\"},{\"@type\":\"ListItem\",\"position\":2,\"name\":\"Ermuan, umeek abituaz egiten dabe Lehenengo Jaunartzea\"}]},{\"@type\":\"WebSite\",\"@id\":\"https:\/\/bizkeliza.org\/eu\/#website\",\"url\":\"https:\/\/bizkeliza.org\/eu\/\",\"name\":\"Bilboko Elizbarrutia - Di\u00f3cesis de Bilbao\",\"description\":\"Di\u00f3cesis de Bilbao\",\"publisher\":{\"@id\":\"https:\/\/bizkeliza.org\/eu\/#organization\"},\"alternateName\":\"Di\u00f3cesis de Bilbao\",\"potentialAction\":[{\"@type\":\"SearchAction\",\"target\":{\"@type\":\"EntryPoint\",\"urlTemplate\":\"https:\/\/bizkeliza.org\/eu\/?s={search_term_string}\"},\"query-input\":{\"@type\":\"PropertyValueSpecification\",\"valueRequired\":true,\"valueName\":\"search_term_string\"}}],\"inLanguage\":\"eu-ES\"},{\"@type\":\"Organization\",\"@id\":\"https:\/\/bizkeliza.org\/eu\/#organization\",\"name\":\"Di\u00f3cesis de Bilbao\",\"alternateName\":\"Di\u00f3cesis de Bilbao\",\"url\":\"https:\/\/bizkeliza.org\/eu\/\",\"logo\":{\"@type\":\"ImageObject\",\"inLanguage\":\"eu-ES\",\"@id\":\"https:\/\/bizkeliza.org\/eu\/#\/schema\/logo\/image\/\",\"url\":\"https:\/\/bizkeliza.org\/wp-content\/uploads\/2022\/06\/Logo-nuevo_2024-1-scaled.jpg\",\"contentUrl\":\"https:\/\/bizkeliza.org\/wp-content\/uploads\/2022\/06\/Logo-nuevo_2024-1-scaled.jpg\",\"width\":2560,\"height\":1024,\"caption\":\"Di\u00f3cesis de Bilbao\"},\"image\":{\"@id\":\"https:\/\/bizkeliza.org\/eu\/#\/schema\/logo\/image\/\"},\"sameAs\":[\"https:\/\/www.facebook.com\/DiocesisBilbao\/\",\"https:\/\/x.com\/DiocesisBilbao\",\"https:\/\/www.instagram.com\/obispadobilbao\/\",\"https:\/\/www.youtube.com\/user\/bilbokoelizbarrutia\"],\"description\":\"Iglesia local de Bilbao perteneciente a la Iglesia Cat\u00f3lica\"},{\"@type\":\"Person\",\"@id\":\"https:\/\/bizkeliza.org\/eu\/#\/schema\/person\/1f27c53156256531056d48959c2f2008\",\"name\":\"bkareaga\"}]}<\/script>\n<!-- \/ Yoast SEO Premium plugin. -->","yoast_head_json":{"title":"Ermuan, umeek abituaz egiten dabe Lehenengo Jaunartzea","description":"Estibaliz Duran Fede-zabalkunde eta Katekesirako Oiz-Anbotoko arduradunak azaldu dauanez, Lehenengo Jaunartzea abituaz egiteko ohitura","robots":{"index":"index","follow":"follow","max-snippet":"max-snippet:-1","max-image-preview":"max-image-preview:large","max-video-preview":"max-video-preview:-1"},"canonical":"https:\/\/bizkeliza.org\/eu\/noticia\/las-primeras-comuniones-en-ermua-mantienen-la-tradicion-de-las-tunicas\/","og_locale":"eu_ES","og_type":"article","og_title":"Ermuan, umeek abituaz egiten dabe Lehenengo Jaunartzea","og_description":"Estibaliz Duran Fede-zabalkunde eta Katekesirako Oiz-Anbotoko arduradunak azaldu dauanez, Lehenengo Jaunartzea abituaz egiteko ohitura","og_url":"https:\/\/bizkeliza.org\/eu\/noticia\/las-primeras-comuniones-en-ermua-mantienen-la-tradicion-de-las-tunicas\/","og_site_name":"Bilboko Elizbarrutia - Di\u00f3cesis de Bilbao","article_publisher":"https:\/\/www.facebook.com\/DiocesisBilbao\/","article_published_time":"2023-05-08T09:30:00+00:00","article_modified_time":"2023-05-08T14:49:42+00:00","og_image":[{"width":600,"height":600,"url":"https:\/\/bizkeliza.org\/wp-content\/uploads\/IMG-20230508-WA0003.jpg","type":"image\/jpeg"}],"author":"bkareaga","twitter_card":"summary_large_image","twitter_creator":"@DiocesisBilbao","twitter_site":"@DiocesisBilbao","schema":{"@context":"https:\/\/schema.org","@graph":[{"@type":"Article","@id":"https:\/\/bizkeliza.org\/eu\/noticia\/las-primeras-comuniones-en-ermua-mantienen-la-tradicion-de-las-tunicas\/#article","isPartOf":{"@id":"https:\/\/bizkeliza.org\/eu\/noticia\/las-primeras-comuniones-en-ermua-mantienen-la-tradicion-de-las-tunicas\/"},"author":{"name":"bkareaga","@id":"https:\/\/bizkeliza.org\/eu\/#\/schema\/person\/1f27c53156256531056d48959c2f2008"},"headline":"Ermuan, umeek abituaz egiten dabe Lehenengo Jaunartzea","datePublished":"2023-05-08T09:30:00+00:00","dateModified":"2023-05-08T14:49:42+00:00","mainEntityOfPage":{"@id":"https:\/\/bizkeliza.org\/eu\/noticia\/las-primeras-comuniones-en-ermua-mantienen-la-tradicion-de-las-tunicas\/"},"wordCount":68,"publisher":{"@id":"https:\/\/bizkeliza.org\/eu\/#organization"},"image":{"@id":"https:\/\/bizkeliza.org\/eu\/noticia\/las-primeras-comuniones-en-ermua-mantienen-la-tradicion-de-las-tunicas\/#primaryimage"},"thumbnailUrl":"https:\/\/bizkeliza.org\/wp-content\/uploads\/IMG-20230508-WA0003.jpg","keywords":["Parrokiak"],"articleSection":["Fede-zabalkunde eta Katekesia","Lehenengo Orrialdea","Pastoral ekintza"],"inLanguage":"eu-ES"},{"@type":"WebPage","@id":"https:\/\/bizkeliza.org\/eu\/noticia\/las-primeras-comuniones-en-ermua-mantienen-la-tradicion-de-las-tunicas\/","url":"https:\/\/bizkeliza.org\/eu\/noticia\/las-primeras-comuniones-en-ermua-mantienen-la-tradicion-de-las-tunicas\/","name":"Ermuan, umeek abituaz egiten dabe Lehenengo Jaunartzea","isPartOf":{"@id":"https:\/\/bizkeliza.org\/eu\/#website"},"primaryImageOfPage":{"@id":"https:\/\/bizkeliza.org\/eu\/noticia\/las-primeras-comuniones-en-ermua-mantienen-la-tradicion-de-las-tunicas\/#primaryimage"},"image":{"@id":"https:\/\/bizkeliza.org\/eu\/noticia\/las-primeras-comuniones-en-ermua-mantienen-la-tradicion-de-las-tunicas\/#primaryimage"},"thumbnailUrl":"https:\/\/bizkeliza.org\/wp-content\/uploads\/IMG-20230508-WA0003.jpg","datePublished":"2023-05-08T09:30:00+00:00","dateModified":"2023-05-08T14:49:42+00:00","description":"Estibaliz Duran Fede-zabalkunde eta Katekesirako Oiz-Anbotoko arduradunak azaldu dauanez, Lehenengo Jaunartzea abituaz egiteko ohitura","breadcrumb":{"@id":"https:\/\/bizkeliza.org\/eu\/noticia\/las-primeras-comuniones-en-ermua-mantienen-la-tradicion-de-las-tunicas\/#breadcrumb"},"inLanguage":"eu-ES","potentialAction":[{"@type":"ReadAction","target":["https:\/\/bizkeliza.org\/eu\/noticia\/las-primeras-comuniones-en-ermua-mantienen-la-tradicion-de-las-tunicas\/"]}]},{"@type":"ImageObject","inLanguage":"eu-ES","@id":"https:\/\/bizkeliza.org\/eu\/noticia\/las-primeras-comuniones-en-ermua-mantienen-la-tradicion-de-las-tunicas\/#primaryimage","url":"https:\/\/bizkeliza.org\/wp-content\/uploads\/IMG-20230508-WA0003.jpg","contentUrl":"https:\/\/bizkeliza.org\/wp-content\/uploads\/IMG-20230508-WA0003.jpg","width":600,"height":600,"caption":"Grupo de ni\u00f1os y ni\u00f1as que ayer hicieron la Primera Comuni\u00f3n, en Ermua."},{"@type":"BreadcrumbList","@id":"https:\/\/bizkeliza.org\/eu\/noticia\/las-primeras-comuniones-en-ermua-mantienen-la-tradicion-de-las-tunicas\/#breadcrumb","itemListElement":[{"@type":"ListItem","position":1,"name":"Portada","item":"https:\/\/bizkeliza.org\/eu\/"},{"@type":"ListItem","position":2,"name":"Ermuan, umeek abituaz egiten dabe Lehenengo Jaunartzea"}]},{"@type":"WebSite","@id":"https:\/\/bizkeliza.org\/eu\/#website","url":"https:\/\/bizkeliza.org\/eu\/","name":"Bilboko Elizbarrutia - Di\u00f3cesis de Bilbao","description":"Di\u00f3cesis de Bilbao","publisher":{"@id":"https:\/\/bizkeliza.org\/eu\/#organization"},"alternateName":"Di\u00f3cesis de Bilbao","potentialAction":[{"@type":"SearchAction","target":{"@type":"EntryPoint","urlTemplate":"https:\/\/bizkeliza.org\/eu\/?s={search_term_string}"},"query-input":{"@type":"PropertyValueSpecification","valueRequired":true,"valueName":"search_term_string"}}],"inLanguage":"eu-ES"},{"@type":"Organization","@id":"https:\/\/bizkeliza.org\/eu\/#organization","name":"Di\u00f3cesis de Bilbao","alternateName":"Di\u00f3cesis de Bilbao","url":"https:\/\/bizkeliza.org\/eu\/","logo":{"@type":"ImageObject","inLanguage":"eu-ES","@id":"https:\/\/bizkeliza.org\/eu\/#\/schema\/logo\/image\/","url":"https:\/\/bizkeliza.org\/wp-content\/uploads\/2022\/06\/Logo-nuevo_2024-1-scaled.jpg","contentUrl":"https:\/\/bizkeliza.org\/wp-content\/uploads\/2022\/06\/Logo-nuevo_2024-1-scaled.jpg","width":2560,"height":1024,"caption":"Di\u00f3cesis de Bilbao"},"image":{"@id":"https:\/\/bizkeliza.org\/eu\/#\/schema\/logo\/image\/"},"sameAs":["https:\/\/www.facebook.com\/DiocesisBilbao\/","https:\/\/x.com\/DiocesisBilbao","https:\/\/www.instagram.com\/obispadobilbao\/","https:\/\/www.youtube.com\/user\/bilbokoelizbarrutia"],"description":"Iglesia local de Bilbao perteneciente a la Iglesia Cat\u00f3lica"},{"@type":"Person","@id":"https:\/\/bizkeliza.org\/eu\/#\/schema\/person\/1f27c53156256531056d48959c2f2008","name":"bkareaga"}]}},"jetpack_featured_media_url":"https:\/\/bizkeliza.org\/wp-content\/uploads\/IMG-20230508-WA0003.jpg","_links":{"self":[{"href":"https:\/\/bizkeliza.org\/eu\/wp-json\/wp\/v2\/posts\/66467","targetHints":{"allow":["GET"]}}],"collection":[{"href":"https:\/\/bizkeliza.org\/eu\/wp-json\/wp\/v2\/posts"}],"about":[{"href":"https:\/\/bizkeliza.org\/eu\/wp-json\/wp\/v2\/types\/post"}],"author":[{"embeddable":true,"href":"https:\/\/bizkeliza.org\/eu\/wp-json\/wp\/v2\/users\/20"}],"replies":[{"embeddable":true,"href":"https:\/\/bizkeliza.org\/eu\/wp-json\/wp\/v2\/comments?post=66467"}],"version-history":[{"count":0,"href":"https:\/\/bizkeliza.org\/eu\/wp-json\/wp\/v2\/posts\/66467\/revisions"}],"wp:featuredmedia":[{"embeddable":true,"href":"https:\/\/bizkeliza.org\/eu\/wp-json\/wp\/v2\/media\/66457"}],"wp:attachment":[{"href":"https:\/\/bizkeliza.org\/eu\/wp-json\/wp\/v2\/media?parent=66467"}],"wp:term":[{"taxonomy":"category","embeddable":true,"href":"https:\/\/bizkeliza.org\/eu\/wp-json\/wp\/v2\/categories?post=66467"},{"taxonomy":"post_tag","embeddable":true,"href":"https:\/\/bizkeliza.org\/eu\/wp-json\/wp\/v2\/tags?post=66467"}],"curies":[{"name":"wp","href":"https:\/\/api.w.org\/{rel}","templated":true}]}}