{"id":66634,"date":"2023-05-09T06:00:00","date_gmt":"2023-05-09T04:00:00","guid":{"rendered":"https:\/\/bizkeliza.org\/?p=66634"},"modified":"2023-05-08T19:53:14","modified_gmt":"2023-05-08T17:53:14","slug":"las-notas-del-organo-de-begona-arrancan-el-festival-internacional","status":"publish","type":"post","link":"https:\/\/bizkeliza.org\/eu\/noticia\/las-notas-del-organo-de-begona-arrancan-el-festival-internacional\/","title":{"rendered":"Bego\u00f1ako organoaren doinuek emongo deutse hasiera nazinoarteko jaialdiari"},"content":{"rendered":"\n<p><p>Bego\u00f1ako organoaren doinuakaz hasiko da &#8216;Bilbao hiria&#8217; nazinoarteko jaialdia. Guztira, lau kontzertu izango dira. <a href=\"https:\/\/www.david-briggs.org\/\" target=\"_blank\" rel=\"noreferrer noopener\">David Briggs<\/a> New Yorkeko St. John The Divine katedraleko organista egoiliarrak eskainiko dauan kontzertuan, erromantizismo frantses eta europarreko piezak joko ditu, tartean J. S. Bachen lanak eta bat-bateko saioa, Briggs aditua da-eta genero honetan.<\/p><\/p>\n\n<figure class=\"wp-block-image aligncenter size-full\"><img decoding=\"async\" width=\"600\" height=\"848\" src=\"https:\/\/bizkeliza.org\/wp-content\/uploads\/Bilboko-11.-Nazioarteko-Organo-Jaialdia-11o-Festival-Internacional-de-Organo-Villa-de-Bilbao-2023.jpg\" alt=\"\" class=\"wp-image-66620\" srcset=\"https:\/\/bizkeliza.org\/wp-content\/uploads\/Bilboko-11.-Nazioarteko-Organo-Jaialdia-11o-Festival-Internacional-de-Organo-Villa-de-Bilbao-2023.jpg 600w, https:\/\/bizkeliza.org\/wp-content\/uploads\/Bilboko-11.-Nazioarteko-Organo-Jaialdia-11o-Festival-Internacional-de-Organo-Villa-de-Bilbao-2023-480x678.jpg 480w\" sizes=\"(min-width: 0px) and (max-width: 480px) 480px, (min-width: 481px) 600px, 100vw\" \/><figcaption class=\"wp-element-caption\">Nazinoarteko organo-jaialdiaren programa<\/figcaption><\/figure>\n<p><p><strong>Maiatzaren 20an,<\/strong> zapatuz, <strong><a href=\"https:\/\/www.cndm.mcu.es\/node\/22273\" target=\"_blank\" rel=\"noreferrer noopener\">Mar Vaqu\u00e9k<\/a>,<\/strong> 1. saria Ochsenhauseneko Joseph Gabler nazinoarteko organo-lehiaketan, XVIII. gizalditik XX. gizaldira arteko musika aleman eta frantsesa eskainiko dau <strong>Santutxuko Karmelo<\/strong> eleizako Cavaill\u00e9-Coll organoaz (1894) baliatuz.\u00a0<\/p>&#13;\n<p>Hurrengo zapatuz, maiatzak 27, organo eta tronpetaz osatutako bikoteak jardungo dau: <a href=\"https:\/\/www.eresbil.eus\/sites\/musikaste-2020\/santiago-banda-entr\/\" target=\"_blank\" rel=\"noreferrer noopener\">Santiago Banda<\/a> organista eta Donostiako Kontserbatorioko irakalseak eta <a href=\"https:\/\/www.kulturklik.euskadi.eus\/evento\/2022\/06\/17\/arabako-organo-jaialdia-2022-santiago-banda-+-enrique-abello\/z12-detalle\/es\/\" target=\"_blank\" rel=\"noreferrer noopener\">Enrique Abello<\/a> Palentziako Kontserbatorioko irakasleak. Barroko frantses, aleman eta italiarreko pieza ezagunak joko dabez, besteak beste, <strong>Indautxuko Karmeneko Ama parrokiako<\/strong> O.E.S.A. organo neoklasikoan (1968).<\/p><\/p>\n\n<p><p>Jaialdiko azken kontzertua Deustun ospatuko da ekainaren 4an, <a href=\"https:\/\/virgilemonin.com\/\" target=\"_blank\" rel=\"noreferrer noopener\">Virgile Moninen<\/a> eskutik. Frantziako Arte Ederren Akademiak emoten dauan Jean-Louis Florentz organo-sari nagusia dan honek Rachmaninov, Haendel edo Ginasteraren lanen transkripzino sinfonikoa egingo dau <strong>San Felicisimo eleizako<\/strong> organo sinfonikoan (G. Aizpuru-S. Eleizgaray, 1963).<\/p><\/p>\n\n<p>Sarrera doan da kontzertu guztietan, eleizetako leku guztiak bete arte eta pantaila handian emongo dira bertaratutakoek artisten jarduna bankuetatik ikusi daien. <\/p>\n\n<h3 class=\"wp-block-heading\">Ezagutzen dozuz Bizkaiko organo onenak?<\/h3>\n\n<p><p>Aurreko kurtsoan, <a href=\"https:\/\/issuu.com\/barriatv\/docs\/bizkaiko_organoak\" target=\"_blank\" rel=\"noreferrer noopener\">Alkarren Barri-Comunicaci\u00f3n<\/a> aldizkarian, Bizkaiko eleizetako organo garrantzitsuenen ezaugarriak jaso ziran.<\/p><\/p>\n\n<p><p>Joan dan apirilean, <a href=\"https:\/\/bizkeliza.org\/eu\/noticia\/un-recorrido-por-algunos-de-los-organos-de-bizkaia\/\" target=\"_blank\" rel=\"noreferrer noopener\">komunikazinorako Eleizbarrutiko sailak<\/a> puntarengo organoen inguruko bilduma eskaini eban.<\/p><\/p>\n\n<div style=\"position:relative;padding-top:max(60%,326px);height:0;width:100%\"><iframe allow=\"clipboard-write\" sandbox=\"allow-top-navigation allow-top-navigation-by-user-activation allow-downloads allow-scripts allow-same-origin allow-popups allow-modals allow-popups-to-escape-sandbox allow-forms\" allowfullscreen=\"true\" style=\"position:absolute;border:none;width:100%;height:100%;left:0;right:0;top:0;bottom:0;\" src=\"https:\/\/e.issuu.com\/embed.html?d=bizkaiko_organoak&#038;u=barriatv\"><\/iframe><\/div>\r\n","protected":false},"excerpt":{"rendered":"<p>Bego\u00f1ako organoaren doinuakaz hasiko da &#8216;Bilbao hiria&#8217; nazinoarteko jaialdia. Guztira, lau kontzertu izango dira. David Briggs New Yorkeko St. John The Divine katedraleko organista egoiliarrak eskainiko dauan kontzertuan, erromantizismo frantses eta europarreko piezak joko ditu, tartean J. S. Bachen lanak eta bat-bateko saioa, Briggs aditua da-eta genero honetan. Maiatzaren 20an, zapatuz, Mar Vaqu\u00e9k, 1. saria [&hellip;]<\/p>\n","protected":false},"author":19,"featured_media":24733,"comment_status":"closed","ping_status":"closed","sticky":false,"template":"","format":"standard","meta":{"_acf_changed":false,"_et_pb_use_builder":"off","_et_pb_old_content":"","_et_gb_content_width":"","footnotes":""},"categories":[503,506],"tags":[815,534],"class_list":["post-66634","post","type-post","status-publish","format-standard","has-post-thumbnail","hentry","category-kultura","category-lehenengo-orrialdea","tag-basilika","tag-begona-eu"],"acf":[],"yoast_head":"<!-- This site is optimized with the Yoast SEO Premium plugin v27.2 (Yoast SEO v27.2) - https:\/\/yoast.com\/product\/yoast-seo-premium-wordpress\/ -->\n<title>Bego\u00f1ako organoaren doinuek emongo deutse hasiera nazinoarteko jaialdiari<\/title>\n<meta name=\"description\" content=\"Bego\u00f1ako organoaren doinuakaz hasiko da &#039;Bilbao hiria&#039; nazinoarteko jaialdia datorren zapatuz, 20:00etan.\" \/>\n<meta name=\"robots\" content=\"index, follow, max-snippet:-1, max-image-preview:large, max-video-preview:-1\" \/>\n<link rel=\"canonical\" href=\"https:\/\/bizkeliza.org\/eu\/noticia\/las-notas-del-organo-de-begona-arrancan-el-festival-internacional\/\" \/>\n<meta property=\"og:locale\" content=\"eu_ES\" \/>\n<meta property=\"og:type\" content=\"article\" \/>\n<meta property=\"og:title\" content=\"Bego\u00f1ako organoaren doinuek emongo deutse hasiera nazinoarteko jaialdiari\" \/>\n<meta property=\"og:description\" content=\"Bego\u00f1ako organoaren doinuakaz hasiko da &#039;Bilbao hiria&#039; nazinoarteko jaialdia datorren zapatuz, 20:00etan.\" \/>\n<meta property=\"og:url\" content=\"https:\/\/bizkeliza.org\/eu\/noticia\/las-notas-del-organo-de-begona-arrancan-el-festival-internacional\/\" \/>\n<meta property=\"og:site_name\" content=\"Bilboko Elizbarrutia - Di\u00f3cesis de Bilbao\" \/>\n<meta property=\"article:publisher\" content=\"https:\/\/www.facebook.com\/DiocesisBilbao\/\" \/>\n<meta property=\"article:published_time\" content=\"2023-05-09T04:00:00+00:00\" \/>\n<meta property=\"og:image\" content=\"https:\/\/bizkeliza.org\/wp-content\/uploads\/5organobegona.jpeg\" \/>\n\t<meta property=\"og:image:width\" content=\"512\" \/>\n\t<meta property=\"og:image:height\" content=\"342\" \/>\n\t<meta property=\"og:image:type\" content=\"image\/jpeg\" \/>\n<meta name=\"author\" content=\"dalberdi\" \/>\n<meta name=\"twitter:card\" content=\"summary_large_image\" \/>\n<meta name=\"twitter:creator\" content=\"@DiocesisBilbao\" \/>\n<meta name=\"twitter:site\" content=\"@DiocesisBilbao\" \/>\n<script type=\"application\/ld+json\" class=\"yoast-schema-graph\">{\"@context\":\"https:\/\/schema.org\",\"@graph\":[{\"@type\":\"Article\",\"@id\":\"https:\/\/bizkeliza.org\/eu\/noticia\/las-notas-del-organo-de-begona-arrancan-el-festival-internacional\/#article\",\"isPartOf\":{\"@id\":\"https:\/\/bizkeliza.org\/eu\/noticia\/las-notas-del-organo-de-begona-arrancan-el-festival-internacional\/\"},\"author\":{\"name\":\"dalberdi\",\"@id\":\"https:\/\/bizkeliza.org\/eu\/#\/schema\/person\/acc5e302cb1997bd56026a6980544228\"},\"headline\":\"Bego\u00f1ako organoaren doinuek emongo deutse hasiera nazinoarteko jaialdiari\",\"datePublished\":\"2023-05-09T04:00:00+00:00\",\"mainEntityOfPage\":{\"@id\":\"https:\/\/bizkeliza.org\/eu\/noticia\/las-notas-del-organo-de-begona-arrancan-el-festival-internacional\/\"},\"wordCount\":226,\"publisher\":{\"@id\":\"https:\/\/bizkeliza.org\/eu\/#organization\"},\"image\":{\"@id\":\"https:\/\/bizkeliza.org\/eu\/noticia\/las-notas-del-organo-de-begona-arrancan-el-festival-internacional\/#primaryimage\"},\"thumbnailUrl\":\"https:\/\/bizkeliza.org\/wp-content\/uploads\/5organobegona.jpeg\",\"keywords\":[\"Basilika\",\"Bego\u00f1a\"],\"articleSection\":[\"Kultura\",\"Lehenengo Orrialdea\"],\"inLanguage\":\"eu-ES\"},{\"@type\":\"WebPage\",\"@id\":\"https:\/\/bizkeliza.org\/eu\/noticia\/las-notas-del-organo-de-begona-arrancan-el-festival-internacional\/\",\"url\":\"https:\/\/bizkeliza.org\/eu\/noticia\/las-notas-del-organo-de-begona-arrancan-el-festival-internacional\/\",\"name\":\"Bego\u00f1ako organoaren doinuek emongo deutse hasiera nazinoarteko jaialdiari\",\"isPartOf\":{\"@id\":\"https:\/\/bizkeliza.org\/eu\/#website\"},\"primaryImageOfPage\":{\"@id\":\"https:\/\/bizkeliza.org\/eu\/noticia\/las-notas-del-organo-de-begona-arrancan-el-festival-internacional\/#primaryimage\"},\"image\":{\"@id\":\"https:\/\/bizkeliza.org\/eu\/noticia\/las-notas-del-organo-de-begona-arrancan-el-festival-internacional\/#primaryimage\"},\"thumbnailUrl\":\"https:\/\/bizkeliza.org\/wp-content\/uploads\/5organobegona.jpeg\",\"datePublished\":\"2023-05-09T04:00:00+00:00\",\"description\":\"Bego\u00f1ako organoaren doinuakaz hasiko da 'Bilbao hiria' nazinoarteko jaialdia datorren zapatuz, 20:00etan.\",\"breadcrumb\":{\"@id\":\"https:\/\/bizkeliza.org\/eu\/noticia\/las-notas-del-organo-de-begona-arrancan-el-festival-internacional\/#breadcrumb\"},\"inLanguage\":\"eu-ES\",\"potentialAction\":[{\"@type\":\"ReadAction\",\"target\":[\"https:\/\/bizkeliza.org\/eu\/noticia\/las-notas-del-organo-de-begona-arrancan-el-festival-internacional\/\"]}]},{\"@type\":\"ImageObject\",\"inLanguage\":\"eu-ES\",\"@id\":\"https:\/\/bizkeliza.org\/eu\/noticia\/las-notas-del-organo-de-begona-arrancan-el-festival-internacional\/#primaryimage\",\"url\":\"https:\/\/bizkeliza.org\/wp-content\/uploads\/5organobegona.jpeg\",\"contentUrl\":\"https:\/\/bizkeliza.org\/wp-content\/uploads\/5organobegona.jpeg\",\"width\":512,\"height\":342,\"caption\":\"\u00d3rgano de la Bas\u00edlica de Bego\u00f1a\"},{\"@type\":\"BreadcrumbList\",\"@id\":\"https:\/\/bizkeliza.org\/eu\/noticia\/las-notas-del-organo-de-begona-arrancan-el-festival-internacional\/#breadcrumb\",\"itemListElement\":[{\"@type\":\"ListItem\",\"position\":1,\"name\":\"Portada\",\"item\":\"https:\/\/bizkeliza.org\/eu\/\"},{\"@type\":\"ListItem\",\"position\":2,\"name\":\"Bego\u00f1ako organoaren doinuek emongo deutse hasiera nazinoarteko jaialdiari\"}]},{\"@type\":\"WebSite\",\"@id\":\"https:\/\/bizkeliza.org\/eu\/#website\",\"url\":\"https:\/\/bizkeliza.org\/eu\/\",\"name\":\"Bilboko Elizbarrutia - Di\u00f3cesis de Bilbao\",\"description\":\"Di\u00f3cesis de Bilbao\",\"publisher\":{\"@id\":\"https:\/\/bizkeliza.org\/eu\/#organization\"},\"alternateName\":\"Di\u00f3cesis de Bilbao\",\"potentialAction\":[{\"@type\":\"SearchAction\",\"target\":{\"@type\":\"EntryPoint\",\"urlTemplate\":\"https:\/\/bizkeliza.org\/eu\/?s={search_term_string}\"},\"query-input\":{\"@type\":\"PropertyValueSpecification\",\"valueRequired\":true,\"valueName\":\"search_term_string\"}}],\"inLanguage\":\"eu-ES\"},{\"@type\":\"Organization\",\"@id\":\"https:\/\/bizkeliza.org\/eu\/#organization\",\"name\":\"Di\u00f3cesis de Bilbao\",\"alternateName\":\"Di\u00f3cesis de Bilbao\",\"url\":\"https:\/\/bizkeliza.org\/eu\/\",\"logo\":{\"@type\":\"ImageObject\",\"inLanguage\":\"eu-ES\",\"@id\":\"https:\/\/bizkeliza.org\/eu\/#\/schema\/logo\/image\/\",\"url\":\"https:\/\/bizkeliza.org\/wp-content\/uploads\/2022\/06\/Logo-nuevo_2024-1-scaled.jpg\",\"contentUrl\":\"https:\/\/bizkeliza.org\/wp-content\/uploads\/2022\/06\/Logo-nuevo_2024-1-scaled.jpg\",\"width\":2560,\"height\":1024,\"caption\":\"Di\u00f3cesis de Bilbao\"},\"image\":{\"@id\":\"https:\/\/bizkeliza.org\/eu\/#\/schema\/logo\/image\/\"},\"sameAs\":[\"https:\/\/www.facebook.com\/DiocesisBilbao\/\",\"https:\/\/x.com\/DiocesisBilbao\",\"https:\/\/www.instagram.com\/obispadobilbao\/\",\"https:\/\/www.youtube.com\/user\/bilbokoelizbarrutia\"],\"description\":\"Iglesia local de Bilbao perteneciente a la Iglesia Cat\u00f3lica\"},{\"@type\":\"Person\",\"@id\":\"https:\/\/bizkeliza.org\/eu\/#\/schema\/person\/acc5e302cb1997bd56026a6980544228\",\"name\":\"dalberdi\"}]}<\/script>\n<!-- \/ Yoast SEO Premium plugin. -->","yoast_head_json":{"title":"Bego\u00f1ako organoaren doinuek emongo deutse hasiera nazinoarteko jaialdiari","description":"Bego\u00f1ako organoaren doinuakaz hasiko da 'Bilbao hiria' nazinoarteko jaialdia datorren zapatuz, 20:00etan.","robots":{"index":"index","follow":"follow","max-snippet":"max-snippet:-1","max-image-preview":"max-image-preview:large","max-video-preview":"max-video-preview:-1"},"canonical":"https:\/\/bizkeliza.org\/eu\/noticia\/las-notas-del-organo-de-begona-arrancan-el-festival-internacional\/","og_locale":"eu_ES","og_type":"article","og_title":"Bego\u00f1ako organoaren doinuek emongo deutse hasiera nazinoarteko jaialdiari","og_description":"Bego\u00f1ako organoaren doinuakaz hasiko da 'Bilbao hiria' nazinoarteko jaialdia datorren zapatuz, 20:00etan.","og_url":"https:\/\/bizkeliza.org\/eu\/noticia\/las-notas-del-organo-de-begona-arrancan-el-festival-internacional\/","og_site_name":"Bilboko Elizbarrutia - Di\u00f3cesis de Bilbao","article_publisher":"https:\/\/www.facebook.com\/DiocesisBilbao\/","article_published_time":"2023-05-09T04:00:00+00:00","og_image":[{"width":512,"height":342,"url":"https:\/\/bizkeliza.org\/wp-content\/uploads\/5organobegona.jpeg","type":"image\/jpeg"}],"author":"dalberdi","twitter_card":"summary_large_image","twitter_creator":"@DiocesisBilbao","twitter_site":"@DiocesisBilbao","schema":{"@context":"https:\/\/schema.org","@graph":[{"@type":"Article","@id":"https:\/\/bizkeliza.org\/eu\/noticia\/las-notas-del-organo-de-begona-arrancan-el-festival-internacional\/#article","isPartOf":{"@id":"https:\/\/bizkeliza.org\/eu\/noticia\/las-notas-del-organo-de-begona-arrancan-el-festival-internacional\/"},"author":{"name":"dalberdi","@id":"https:\/\/bizkeliza.org\/eu\/#\/schema\/person\/acc5e302cb1997bd56026a6980544228"},"headline":"Bego\u00f1ako organoaren doinuek emongo deutse hasiera nazinoarteko jaialdiari","datePublished":"2023-05-09T04:00:00+00:00","mainEntityOfPage":{"@id":"https:\/\/bizkeliza.org\/eu\/noticia\/las-notas-del-organo-de-begona-arrancan-el-festival-internacional\/"},"wordCount":226,"publisher":{"@id":"https:\/\/bizkeliza.org\/eu\/#organization"},"image":{"@id":"https:\/\/bizkeliza.org\/eu\/noticia\/las-notas-del-organo-de-begona-arrancan-el-festival-internacional\/#primaryimage"},"thumbnailUrl":"https:\/\/bizkeliza.org\/wp-content\/uploads\/5organobegona.jpeg","keywords":["Basilika","Bego\u00f1a"],"articleSection":["Kultura","Lehenengo Orrialdea"],"inLanguage":"eu-ES"},{"@type":"WebPage","@id":"https:\/\/bizkeliza.org\/eu\/noticia\/las-notas-del-organo-de-begona-arrancan-el-festival-internacional\/","url":"https:\/\/bizkeliza.org\/eu\/noticia\/las-notas-del-organo-de-begona-arrancan-el-festival-internacional\/","name":"Bego\u00f1ako organoaren doinuek emongo deutse hasiera nazinoarteko jaialdiari","isPartOf":{"@id":"https:\/\/bizkeliza.org\/eu\/#website"},"primaryImageOfPage":{"@id":"https:\/\/bizkeliza.org\/eu\/noticia\/las-notas-del-organo-de-begona-arrancan-el-festival-internacional\/#primaryimage"},"image":{"@id":"https:\/\/bizkeliza.org\/eu\/noticia\/las-notas-del-organo-de-begona-arrancan-el-festival-internacional\/#primaryimage"},"thumbnailUrl":"https:\/\/bizkeliza.org\/wp-content\/uploads\/5organobegona.jpeg","datePublished":"2023-05-09T04:00:00+00:00","description":"Bego\u00f1ako organoaren doinuakaz hasiko da 'Bilbao hiria' nazinoarteko jaialdia datorren zapatuz, 20:00etan.","breadcrumb":{"@id":"https:\/\/bizkeliza.org\/eu\/noticia\/las-notas-del-organo-de-begona-arrancan-el-festival-internacional\/#breadcrumb"},"inLanguage":"eu-ES","potentialAction":[{"@type":"ReadAction","target":["https:\/\/bizkeliza.org\/eu\/noticia\/las-notas-del-organo-de-begona-arrancan-el-festival-internacional\/"]}]},{"@type":"ImageObject","inLanguage":"eu-ES","@id":"https:\/\/bizkeliza.org\/eu\/noticia\/las-notas-del-organo-de-begona-arrancan-el-festival-internacional\/#primaryimage","url":"https:\/\/bizkeliza.org\/wp-content\/uploads\/5organobegona.jpeg","contentUrl":"https:\/\/bizkeliza.org\/wp-content\/uploads\/5organobegona.jpeg","width":512,"height":342,"caption":"\u00d3rgano de la Bas\u00edlica de Bego\u00f1a"},{"@type":"BreadcrumbList","@id":"https:\/\/bizkeliza.org\/eu\/noticia\/las-notas-del-organo-de-begona-arrancan-el-festival-internacional\/#breadcrumb","itemListElement":[{"@type":"ListItem","position":1,"name":"Portada","item":"https:\/\/bizkeliza.org\/eu\/"},{"@type":"ListItem","position":2,"name":"Bego\u00f1ako organoaren doinuek emongo deutse hasiera nazinoarteko jaialdiari"}]},{"@type":"WebSite","@id":"https:\/\/bizkeliza.org\/eu\/#website","url":"https:\/\/bizkeliza.org\/eu\/","name":"Bilboko Elizbarrutia - Di\u00f3cesis de Bilbao","description":"Di\u00f3cesis de Bilbao","publisher":{"@id":"https:\/\/bizkeliza.org\/eu\/#organization"},"alternateName":"Di\u00f3cesis de Bilbao","potentialAction":[{"@type":"SearchAction","target":{"@type":"EntryPoint","urlTemplate":"https:\/\/bizkeliza.org\/eu\/?s={search_term_string}"},"query-input":{"@type":"PropertyValueSpecification","valueRequired":true,"valueName":"search_term_string"}}],"inLanguage":"eu-ES"},{"@type":"Organization","@id":"https:\/\/bizkeliza.org\/eu\/#organization","name":"Di\u00f3cesis de Bilbao","alternateName":"Di\u00f3cesis de Bilbao","url":"https:\/\/bizkeliza.org\/eu\/","logo":{"@type":"ImageObject","inLanguage":"eu-ES","@id":"https:\/\/bizkeliza.org\/eu\/#\/schema\/logo\/image\/","url":"https:\/\/bizkeliza.org\/wp-content\/uploads\/2022\/06\/Logo-nuevo_2024-1-scaled.jpg","contentUrl":"https:\/\/bizkeliza.org\/wp-content\/uploads\/2022\/06\/Logo-nuevo_2024-1-scaled.jpg","width":2560,"height":1024,"caption":"Di\u00f3cesis de Bilbao"},"image":{"@id":"https:\/\/bizkeliza.org\/eu\/#\/schema\/logo\/image\/"},"sameAs":["https:\/\/www.facebook.com\/DiocesisBilbao\/","https:\/\/x.com\/DiocesisBilbao","https:\/\/www.instagram.com\/obispadobilbao\/","https:\/\/www.youtube.com\/user\/bilbokoelizbarrutia"],"description":"Iglesia local de Bilbao perteneciente a la Iglesia Cat\u00f3lica"},{"@type":"Person","@id":"https:\/\/bizkeliza.org\/eu\/#\/schema\/person\/acc5e302cb1997bd56026a6980544228","name":"dalberdi"}]}},"jetpack_featured_media_url":"https:\/\/bizkeliza.org\/wp-content\/uploads\/5organobegona.jpeg","_links":{"self":[{"href":"https:\/\/bizkeliza.org\/eu\/wp-json\/wp\/v2\/posts\/66634","targetHints":{"allow":["GET"]}}],"collection":[{"href":"https:\/\/bizkeliza.org\/eu\/wp-json\/wp\/v2\/posts"}],"about":[{"href":"https:\/\/bizkeliza.org\/eu\/wp-json\/wp\/v2\/types\/post"}],"author":[{"embeddable":true,"href":"https:\/\/bizkeliza.org\/eu\/wp-json\/wp\/v2\/users\/19"}],"replies":[{"embeddable":true,"href":"https:\/\/bizkeliza.org\/eu\/wp-json\/wp\/v2\/comments?post=66634"}],"version-history":[{"count":0,"href":"https:\/\/bizkeliza.org\/eu\/wp-json\/wp\/v2\/posts\/66634\/revisions"}],"wp:featuredmedia":[{"embeddable":true,"href":"https:\/\/bizkeliza.org\/eu\/wp-json\/wp\/v2\/media\/24733"}],"wp:attachment":[{"href":"https:\/\/bizkeliza.org\/eu\/wp-json\/wp\/v2\/media?parent=66634"}],"wp:term":[{"taxonomy":"category","embeddable":true,"href":"https:\/\/bizkeliza.org\/eu\/wp-json\/wp\/v2\/categories?post=66634"},{"taxonomy":"post_tag","embeddable":true,"href":"https:\/\/bizkeliza.org\/eu\/wp-json\/wp\/v2\/tags?post=66634"}],"curies":[{"name":"wp","href":"https:\/\/api.w.org\/{rel}","templated":true}]}}