{"id":69003,"date":"2023-05-25T06:00:00","date_gmt":"2023-05-25T04:00:00","guid":{"rendered":"https:\/\/bizkeliza.org\/?p=69003"},"modified":"2023-05-30T14:05:36","modified_gmt":"2023-05-30T12:05:36","slug":"75-anos-de-presencia-misionera","status":"publish","type":"post","link":"https:\/\/bizkeliza.org\/eu\/noticia\/75-anos-de-presencia-misionera\/","title":{"rendered":"75 urteko misino-agerpena"},"content":{"rendered":"\n<p><p>Lehenengo eta behin, <strong>Ekuadorrera<\/strong> joan ziran euskal misiolariak <strong>1948an.<\/strong> Aurton, <strong>Euskal Eleizbarrutietako Misinoek<\/strong> 1948an hasi zan misino-ibilbiearen <strong>75. urteurrena<\/strong> ospatzen dihardue.<\/p><\/p>\n\n<h3 class=\"wp-block-heading\"><p><strong> Afrika<\/strong><\/p><\/h3>\n\n<p><p><strong>1959an<\/strong> joan ziran lehenengo misiolariak Afrikara, zehatz-mehatz,\u00a0 <strong>Angolara<\/strong> eta <strong>Malanjeko<\/strong> lehenengo gotzainak eskatuta. Hain zuzen be, zazpi abade eta laiko bat joan ziran, <strong>Jose Ignacio Iturmendi<\/strong> misiolariak <em><strong>&#8220;Alkarren Barri\/Comunicaci\u00f3n&#8221;<\/strong><\/em> aldizkariaren maiatzeko alean jasotako artikuluan azaldu dauanez.\u00a0<\/p><\/p>\n\n<figure class=\"wp-block-embed is-type-rich is-provider-issuu wp-block-embed-issuu\">\r\n<div class=\"wp-block-embed__wrapper\">https:\/\/issuu.com\/barriatv\/docs\/alkarren_barri_294_maiatza_mayo_\/20<\/div>\r\n<\/figure>\n\n<p><p>Misiolari horreek 1976ra arte egon ziran bertan, kanporatu ebezan arte, nahiz eta 80ko hamarkadaren hasierara arte bertan jarraitu. Beranduago, <strong>Luis Mari Perez de Onraita Malanjeko gotzain<\/strong> izendatu eben 1996an eta bertan egon zan 2015ean hil zan arte.\u00a0<\/p><\/p>\n\n<p><p>1959tik 1996ra, misiolariak <strong>Angolako hegoaldean,<\/strong> <strong>Huila<\/strong> eta <strong>Namibe<\/strong> lurraldeetan, egon ziran.<\/p><\/p>\n\n<p><p>Eta <strong>Luandan, Precol<\/strong> eta <strong>Cazengako<\/strong> parrokietan egon ziran 1978tik 1984ra, hitzarmen pertsonal erara, eta urte horretatik hasi eta 2013ra arte <strong>Euskal Eleizbarrutietako Misinoen<\/strong> zerbitzura egon ziran. <strong>Andra Mariaren Misiolariak<\/strong> (Francisco Arraibi Jnak sortutakoak), 2017aren erdira arte egon ziran <strong>Luandan (Morro Bento).<\/strong><\/p><\/p>\n\n<p><p>El destino de <strong>Ruanda<\/strong>, comenz\u00f3 en 1960. La primera parroquia fue la de <strong>Camonyi<\/strong>, y m\u00e1s tarde se abrieron dos nuevas en Mugina y Gihara. M\u00e1s tarde se dej\u00f3 la primera parroquia y se abri\u00f3 una nueva en <strong>Kayenzi<\/strong>. Llegaron a pasar m\u00e1s de 20 misioneros. Pero uno marc\u00f3 aquel territorio de misi\u00f3n: <strong>Isidro Uzkudun,<\/strong> asesinado el 10 de junio de 2000.<\/p><\/p>\n\n<p><p>1964an sinatu zan azken hitzarmena herrialde barri bategaz, oraingo honetan be, Afrikan, hain zuzen be,<strong> Zairen,<\/strong> gaur egun, <strong>Kongoko Errepublika Demokratikoa.<\/strong> Sasoi batean edo bestean, hogeta bi misiolari be izan dira bertan eta gaur egun han jarraitzen dau <a href=\"https:\/\/bizkeliza.org\/eu\/noticia\/el-misionero-goicouria-con-un-nuevo-proyecto-en-la-rd-del-congo\/\" target=\"_blank\" rel=\"noreferrer noopener\"><strong>Xabier Goikouria<\/strong><\/a> eleizbarrutiko abadeak -57 urte daroaz jarraian-, eta hainatek bidaiatu eban bertara urtero azken unera arte. Gainera, Bilboko Eleizbarrutiko beste misiolari bat, <a href=\"https:\/\/bizkeliza.org\/noticia\/el-misionero-vizcaino-ramon-diaz-guardamino-empieza-una-nueva-etapa-en-etiopia\/\" target=\"_blank\" rel=\"noreferrer noopener\"><strong>Ram\u00f3n D\u00edaz Guardamino<\/strong><\/a>, <strong>Etiopian<\/strong> dago 2019tik.\u00a0<\/p><\/p>\n\n<blockquote class=\"wp-block-quote is-layout-flow wp-block-quote-is-layout-flow\">\n<figure class=\"wp-block-pullquote\"><blockquote><p><p><strong>Bizkaiko afrikar alkarte katolikoak hilaren lehenengo domekaz ospatzen dau Eukaristia San Anton parrokian (Alde Zaharra), 12:30etan.<\/strong><\/p><\/p><\/blockquote><\/figure><\/blockquote>\n","protected":false},"excerpt":{"rendered":"<p>Lehenengo eta behin, Ekuadorrera joan ziran euskal misiolariak 1948an. Aurton, Euskal Eleizbarrutietako Misinoek 1948an hasi zan misino-ibilbiearen 75. urteurrena ospatzen dihardue. Afrika 1959an joan ziran lehenengo misiolariak Afrikara, zehatz-mehatz,\u00a0 Angolara eta Malanjeko lehenengo gotzainak eskatuta. Hain zuzen be, zazpi abade eta laiko bat joan ziran, Jose Ignacio Iturmendi misiolariak &#8220;Alkarren Barri\/Comunicaci\u00f3n&#8221; aldizkariaren maiatzeko alean jasotako [&hellip;]<\/p>\n","protected":false},"author":20,"featured_media":68982,"comment_status":"closed","ping_status":"closed","sticky":false,"template":"","format":"standard","meta":{"_acf_changed":false,"_et_pb_use_builder":"off","_et_pb_old_content":"","_et_gb_content_width":"","footnotes":""},"categories":[496,506,498,504,492],"tags":[],"class_list":["post-69003","post","type-post","status-publish","format-standard","has-post-thumbnail","hentry","category-karidade-eta-zuzentasunak","category-lehenengo-orrialdea","category-migrazinoak","category-misinoak","category-pastoral-ekintza"],"acf":[],"yoast_head":"<!-- This site is optimized with the Yoast SEO Premium plugin v27.5 (Yoast SEO v27.5) - https:\/\/yoast.com\/product\/yoast-seo-premium-wordpress\/ -->\n<title>75 urteko misino-agerpena<\/title>\n<meta name=\"description\" content=\"Aurton, Euskal Eleizbarrutietako Misinoek 1948an hasi zan misino-ibilbiearen 75. urteurrena ospatzen dihardue.\" \/>\n<meta name=\"robots\" content=\"index, follow, max-snippet:-1, max-image-preview:large, max-video-preview:-1\" \/>\n<link rel=\"canonical\" href=\"https:\/\/bizkeliza.org\/eu\/noticia\/75-anos-de-presencia-misionera\/\" \/>\n<meta property=\"og:locale\" content=\"eu_ES\" \/>\n<meta property=\"og:type\" content=\"article\" \/>\n<meta property=\"og:title\" content=\"75 urteko misino-agerpena\" \/>\n<meta property=\"og:description\" content=\"Aurton, Euskal Eleizbarrutietako Misinoek 1948an hasi zan misino-ibilbiearen 75. urteurrena ospatzen dihardue.\" \/>\n<meta property=\"og:url\" content=\"https:\/\/bizkeliza.org\/eu\/noticia\/75-anos-de-presencia-misionera\/\" \/>\n<meta property=\"og:site_name\" content=\"Bilboko Elizbarrutia - Di\u00f3cesis de Bilbao\" \/>\n<meta property=\"article:publisher\" content=\"https:\/\/www.facebook.com\/DiocesisBilbao\/\" \/>\n<meta property=\"article:published_time\" content=\"2023-05-25T04:00:00+00:00\" \/>\n<meta property=\"article:modified_time\" content=\"2023-05-30T12:05:36+00:00\" \/>\n<meta property=\"og:image\" content=\"https:\/\/bizkeliza.org\/wp-content\/uploads\/pexels-magda-ehlers-2660262.jpg\" \/>\n\t<meta property=\"og:image:width\" content=\"600\" \/>\n\t<meta property=\"og:image:height\" content=\"909\" \/>\n\t<meta property=\"og:image:type\" content=\"image\/jpeg\" \/>\n<meta name=\"author\" content=\"bkareaga\" \/>\n<meta name=\"twitter:card\" content=\"summary_large_image\" \/>\n<meta name=\"twitter:creator\" content=\"@DiocesisBilbao\" \/>\n<meta name=\"twitter:site\" content=\"@DiocesisBilbao\" \/>\n<script type=\"application\/ld+json\" class=\"yoast-schema-graph\">{\"@context\":\"https:\\\/\\\/schema.org\",\"@graph\":[{\"@type\":\"Article\",\"@id\":\"https:\\\/\\\/bizkeliza.org\\\/eu\\\/noticia\\\/75-anos-de-presencia-misionera\\\/#article\",\"isPartOf\":{\"@id\":\"https:\\\/\\\/bizkeliza.org\\\/eu\\\/noticia\\\/75-anos-de-presencia-misionera\\\/\"},\"author\":{\"name\":\"bkareaga\",\"@id\":\"https:\\\/\\\/bizkeliza.org\\\/eu\\\/#\\\/schema\\\/person\\\/1f27c53156256531056d48959c2f2008\"},\"headline\":\"75 urteko misino-agerpena\",\"datePublished\":\"2023-05-25T04:00:00+00:00\",\"dateModified\":\"2023-05-30T12:05:36+00:00\",\"mainEntityOfPage\":{\"@id\":\"https:\\\/\\\/bizkeliza.org\\\/eu\\\/noticia\\\/75-anos-de-presencia-misionera\\\/\"},\"wordCount\":306,\"publisher\":{\"@id\":\"https:\\\/\\\/bizkeliza.org\\\/eu\\\/#organization\"},\"image\":{\"@id\":\"https:\\\/\\\/bizkeliza.org\\\/eu\\\/noticia\\\/75-anos-de-presencia-misionera\\\/#primaryimage\"},\"thumbnailUrl\":\"https:\\\/\\\/bizkeliza.org\\\/wp-content\\\/uploads\\\/pexels-magda-ehlers-2660262.jpg\",\"articleSection\":[\"Karidade eta Zuzentasunak\",\"Lehenengo Orrialdea\",\"Migrazinoak\",\"Misinoak\",\"Pastoral ekintza\"],\"inLanguage\":\"eu-ES\"},{\"@type\":\"WebPage\",\"@id\":\"https:\\\/\\\/bizkeliza.org\\\/eu\\\/noticia\\\/75-anos-de-presencia-misionera\\\/\",\"url\":\"https:\\\/\\\/bizkeliza.org\\\/eu\\\/noticia\\\/75-anos-de-presencia-misionera\\\/\",\"name\":\"75 urteko misino-agerpena\",\"isPartOf\":{\"@id\":\"https:\\\/\\\/bizkeliza.org\\\/eu\\\/#website\"},\"primaryImageOfPage\":{\"@id\":\"https:\\\/\\\/bizkeliza.org\\\/eu\\\/noticia\\\/75-anos-de-presencia-misionera\\\/#primaryimage\"},\"image\":{\"@id\":\"https:\\\/\\\/bizkeliza.org\\\/eu\\\/noticia\\\/75-anos-de-presencia-misionera\\\/#primaryimage\"},\"thumbnailUrl\":\"https:\\\/\\\/bizkeliza.org\\\/wp-content\\\/uploads\\\/pexels-magda-ehlers-2660262.jpg\",\"datePublished\":\"2023-05-25T04:00:00+00:00\",\"dateModified\":\"2023-05-30T12:05:36+00:00\",\"description\":\"Aurton, Euskal Eleizbarrutietako Misinoek 1948an hasi zan misino-ibilbiearen 75. urteurrena ospatzen dihardue.\",\"breadcrumb\":{\"@id\":\"https:\\\/\\\/bizkeliza.org\\\/eu\\\/noticia\\\/75-anos-de-presencia-misionera\\\/#breadcrumb\"},\"inLanguage\":\"eu-ES\",\"potentialAction\":[{\"@type\":\"ReadAction\",\"target\":[\"https:\\\/\\\/bizkeliza.org\\\/eu\\\/noticia\\\/75-anos-de-presencia-misionera\\\/\"]}]},{\"@type\":\"ImageObject\",\"inLanguage\":\"eu-ES\",\"@id\":\"https:\\\/\\\/bizkeliza.org\\\/eu\\\/noticia\\\/75-anos-de-presencia-misionera\\\/#primaryimage\",\"url\":\"https:\\\/\\\/bizkeliza.org\\\/wp-content\\\/uploads\\\/pexels-magda-ehlers-2660262.jpg\",\"contentUrl\":\"https:\\\/\\\/bizkeliza.org\\\/wp-content\\\/uploads\\\/pexels-magda-ehlers-2660262.jpg\",\"width\":600,\"height\":909,\"caption\":\"\u00c1frica\"},{\"@type\":\"BreadcrumbList\",\"@id\":\"https:\\\/\\\/bizkeliza.org\\\/eu\\\/noticia\\\/75-anos-de-presencia-misionera\\\/#breadcrumb\",\"itemListElement\":[{\"@type\":\"ListItem\",\"position\":1,\"name\":\"Portada\",\"item\":\"https:\\\/\\\/bizkeliza.org\\\/eu\\\/\"},{\"@type\":\"ListItem\",\"position\":2,\"name\":\"75 urteko misino-agerpena\"}]},{\"@type\":\"WebSite\",\"@id\":\"https:\\\/\\\/bizkeliza.org\\\/eu\\\/#website\",\"url\":\"https:\\\/\\\/bizkeliza.org\\\/eu\\\/\",\"name\":\"Bilboko Elizbarrutia - Di\u00f3cesis de Bilbao\",\"description\":\"Di\u00f3cesis de Bilbao\",\"publisher\":{\"@id\":\"https:\\\/\\\/bizkeliza.org\\\/eu\\\/#organization\"},\"alternateName\":\"Di\u00f3cesis de Bilbao\",\"potentialAction\":[{\"@type\":\"SearchAction\",\"target\":{\"@type\":\"EntryPoint\",\"urlTemplate\":\"https:\\\/\\\/bizkeliza.org\\\/eu\\\/?s={search_term_string}\"},\"query-input\":{\"@type\":\"PropertyValueSpecification\",\"valueRequired\":true,\"valueName\":\"search_term_string\"}}],\"inLanguage\":\"eu-ES\"},{\"@type\":\"Organization\",\"@id\":\"https:\\\/\\\/bizkeliza.org\\\/eu\\\/#organization\",\"name\":\"Di\u00f3cesis de Bilbao\",\"alternateName\":\"Di\u00f3cesis de Bilbao\",\"url\":\"https:\\\/\\\/bizkeliza.org\\\/eu\\\/\",\"logo\":{\"@type\":\"ImageObject\",\"inLanguage\":\"eu-ES\",\"@id\":\"https:\\\/\\\/bizkeliza.org\\\/eu\\\/#\\\/schema\\\/logo\\\/image\\\/\",\"url\":\"https:\\\/\\\/bizkeliza.org\\\/wp-content\\\/uploads\\\/2022\\\/06\\\/Logo-nuevo_2024-1-scaled.jpg\",\"contentUrl\":\"https:\\\/\\\/bizkeliza.org\\\/wp-content\\\/uploads\\\/2022\\\/06\\\/Logo-nuevo_2024-1-scaled.jpg\",\"width\":2560,\"height\":1024,\"caption\":\"Di\u00f3cesis de Bilbao\"},\"image\":{\"@id\":\"https:\\\/\\\/bizkeliza.org\\\/eu\\\/#\\\/schema\\\/logo\\\/image\\\/\"},\"sameAs\":[\"https:\\\/\\\/www.facebook.com\\\/DiocesisBilbao\\\/\",\"https:\\\/\\\/x.com\\\/DiocesisBilbao\",\"https:\\\/\\\/www.instagram.com\\\/obispadobilbao\\\/\",\"https:\\\/\\\/www.youtube.com\\\/user\\\/bilbokoelizbarrutia\"],\"description\":\"Iglesia local de Bilbao perteneciente a la Iglesia Cat\u00f3lica\"},{\"@type\":\"Person\",\"@id\":\"https:\\\/\\\/bizkeliza.org\\\/eu\\\/#\\\/schema\\\/person\\\/1f27c53156256531056d48959c2f2008\",\"name\":\"bkareaga\"}]}<\/script>\n<!-- \/ Yoast SEO Premium plugin. -->","yoast_head_json":{"title":"75 urteko misino-agerpena","description":"Aurton, Euskal Eleizbarrutietako Misinoek 1948an hasi zan misino-ibilbiearen 75. urteurrena ospatzen dihardue.","robots":{"index":"index","follow":"follow","max-snippet":"max-snippet:-1","max-image-preview":"max-image-preview:large","max-video-preview":"max-video-preview:-1"},"canonical":"https:\/\/bizkeliza.org\/eu\/noticia\/75-anos-de-presencia-misionera\/","og_locale":"eu_ES","og_type":"article","og_title":"75 urteko misino-agerpena","og_description":"Aurton, Euskal Eleizbarrutietako Misinoek 1948an hasi zan misino-ibilbiearen 75. urteurrena ospatzen dihardue.","og_url":"https:\/\/bizkeliza.org\/eu\/noticia\/75-anos-de-presencia-misionera\/","og_site_name":"Bilboko Elizbarrutia - Di\u00f3cesis de Bilbao","article_publisher":"https:\/\/www.facebook.com\/DiocesisBilbao\/","article_published_time":"2023-05-25T04:00:00+00:00","article_modified_time":"2023-05-30T12:05:36+00:00","og_image":[{"width":600,"height":909,"url":"https:\/\/bizkeliza.org\/wp-content\/uploads\/pexels-magda-ehlers-2660262.jpg","type":"image\/jpeg"}],"author":"bkareaga","twitter_card":"summary_large_image","twitter_creator":"@DiocesisBilbao","twitter_site":"@DiocesisBilbao","schema":{"@context":"https:\/\/schema.org","@graph":[{"@type":"Article","@id":"https:\/\/bizkeliza.org\/eu\/noticia\/75-anos-de-presencia-misionera\/#article","isPartOf":{"@id":"https:\/\/bizkeliza.org\/eu\/noticia\/75-anos-de-presencia-misionera\/"},"author":{"name":"bkareaga","@id":"https:\/\/bizkeliza.org\/eu\/#\/schema\/person\/1f27c53156256531056d48959c2f2008"},"headline":"75 urteko misino-agerpena","datePublished":"2023-05-25T04:00:00+00:00","dateModified":"2023-05-30T12:05:36+00:00","mainEntityOfPage":{"@id":"https:\/\/bizkeliza.org\/eu\/noticia\/75-anos-de-presencia-misionera\/"},"wordCount":306,"publisher":{"@id":"https:\/\/bizkeliza.org\/eu\/#organization"},"image":{"@id":"https:\/\/bizkeliza.org\/eu\/noticia\/75-anos-de-presencia-misionera\/#primaryimage"},"thumbnailUrl":"https:\/\/bizkeliza.org\/wp-content\/uploads\/pexels-magda-ehlers-2660262.jpg","articleSection":["Karidade eta Zuzentasunak","Lehenengo Orrialdea","Migrazinoak","Misinoak","Pastoral ekintza"],"inLanguage":"eu-ES"},{"@type":"WebPage","@id":"https:\/\/bizkeliza.org\/eu\/noticia\/75-anos-de-presencia-misionera\/","url":"https:\/\/bizkeliza.org\/eu\/noticia\/75-anos-de-presencia-misionera\/","name":"75 urteko misino-agerpena","isPartOf":{"@id":"https:\/\/bizkeliza.org\/eu\/#website"},"primaryImageOfPage":{"@id":"https:\/\/bizkeliza.org\/eu\/noticia\/75-anos-de-presencia-misionera\/#primaryimage"},"image":{"@id":"https:\/\/bizkeliza.org\/eu\/noticia\/75-anos-de-presencia-misionera\/#primaryimage"},"thumbnailUrl":"https:\/\/bizkeliza.org\/wp-content\/uploads\/pexels-magda-ehlers-2660262.jpg","datePublished":"2023-05-25T04:00:00+00:00","dateModified":"2023-05-30T12:05:36+00:00","description":"Aurton, Euskal Eleizbarrutietako Misinoek 1948an hasi zan misino-ibilbiearen 75. urteurrena ospatzen dihardue.","breadcrumb":{"@id":"https:\/\/bizkeliza.org\/eu\/noticia\/75-anos-de-presencia-misionera\/#breadcrumb"},"inLanguage":"eu-ES","potentialAction":[{"@type":"ReadAction","target":["https:\/\/bizkeliza.org\/eu\/noticia\/75-anos-de-presencia-misionera\/"]}]},{"@type":"ImageObject","inLanguage":"eu-ES","@id":"https:\/\/bizkeliza.org\/eu\/noticia\/75-anos-de-presencia-misionera\/#primaryimage","url":"https:\/\/bizkeliza.org\/wp-content\/uploads\/pexels-magda-ehlers-2660262.jpg","contentUrl":"https:\/\/bizkeliza.org\/wp-content\/uploads\/pexels-magda-ehlers-2660262.jpg","width":600,"height":909,"caption":"\u00c1frica"},{"@type":"BreadcrumbList","@id":"https:\/\/bizkeliza.org\/eu\/noticia\/75-anos-de-presencia-misionera\/#breadcrumb","itemListElement":[{"@type":"ListItem","position":1,"name":"Portada","item":"https:\/\/bizkeliza.org\/eu\/"},{"@type":"ListItem","position":2,"name":"75 urteko misino-agerpena"}]},{"@type":"WebSite","@id":"https:\/\/bizkeliza.org\/eu\/#website","url":"https:\/\/bizkeliza.org\/eu\/","name":"Bilboko Elizbarrutia - Di\u00f3cesis de Bilbao","description":"Di\u00f3cesis de Bilbao","publisher":{"@id":"https:\/\/bizkeliza.org\/eu\/#organization"},"alternateName":"Di\u00f3cesis de Bilbao","potentialAction":[{"@type":"SearchAction","target":{"@type":"EntryPoint","urlTemplate":"https:\/\/bizkeliza.org\/eu\/?s={search_term_string}"},"query-input":{"@type":"PropertyValueSpecification","valueRequired":true,"valueName":"search_term_string"}}],"inLanguage":"eu-ES"},{"@type":"Organization","@id":"https:\/\/bizkeliza.org\/eu\/#organization","name":"Di\u00f3cesis de Bilbao","alternateName":"Di\u00f3cesis de Bilbao","url":"https:\/\/bizkeliza.org\/eu\/","logo":{"@type":"ImageObject","inLanguage":"eu-ES","@id":"https:\/\/bizkeliza.org\/eu\/#\/schema\/logo\/image\/","url":"https:\/\/bizkeliza.org\/wp-content\/uploads\/2022\/06\/Logo-nuevo_2024-1-scaled.jpg","contentUrl":"https:\/\/bizkeliza.org\/wp-content\/uploads\/2022\/06\/Logo-nuevo_2024-1-scaled.jpg","width":2560,"height":1024,"caption":"Di\u00f3cesis de Bilbao"},"image":{"@id":"https:\/\/bizkeliza.org\/eu\/#\/schema\/logo\/image\/"},"sameAs":["https:\/\/www.facebook.com\/DiocesisBilbao\/","https:\/\/x.com\/DiocesisBilbao","https:\/\/www.instagram.com\/obispadobilbao\/","https:\/\/www.youtube.com\/user\/bilbokoelizbarrutia"],"description":"Iglesia local de Bilbao perteneciente a la Iglesia Cat\u00f3lica"},{"@type":"Person","@id":"https:\/\/bizkeliza.org\/eu\/#\/schema\/person\/1f27c53156256531056d48959c2f2008","name":"bkareaga"}]}},"jetpack_featured_media_url":"https:\/\/bizkeliza.org\/wp-content\/uploads\/pexels-magda-ehlers-2660262.jpg","_links":{"self":[{"href":"https:\/\/bizkeliza.org\/eu\/wp-json\/wp\/v2\/posts\/69003","targetHints":{"allow":["GET"]}}],"collection":[{"href":"https:\/\/bizkeliza.org\/eu\/wp-json\/wp\/v2\/posts"}],"about":[{"href":"https:\/\/bizkeliza.org\/eu\/wp-json\/wp\/v2\/types\/post"}],"author":[{"embeddable":true,"href":"https:\/\/bizkeliza.org\/eu\/wp-json\/wp\/v2\/users\/20"}],"replies":[{"embeddable":true,"href":"https:\/\/bizkeliza.org\/eu\/wp-json\/wp\/v2\/comments?post=69003"}],"version-history":[{"count":0,"href":"https:\/\/bizkeliza.org\/eu\/wp-json\/wp\/v2\/posts\/69003\/revisions"}],"wp:featuredmedia":[{"embeddable":true,"href":"https:\/\/bizkeliza.org\/eu\/wp-json\/wp\/v2\/media\/68982"}],"wp:attachment":[{"href":"https:\/\/bizkeliza.org\/eu\/wp-json\/wp\/v2\/media?parent=69003"}],"wp:term":[{"taxonomy":"category","embeddable":true,"href":"https:\/\/bizkeliza.org\/eu\/wp-json\/wp\/v2\/categories?post=69003"},{"taxonomy":"post_tag","embeddable":true,"href":"https:\/\/bizkeliza.org\/eu\/wp-json\/wp\/v2\/tags?post=69003"}],"curies":[{"name":"wp","href":"https:\/\/api.w.org\/{rel}","templated":true}]}}