{"id":83541,"date":"2023-06-19T06:00:00","date_gmt":"2023-06-19T04:00:00","guid":{"rendered":"https:\/\/bizkeliza.org\/?p=83541"},"modified":"2023-06-19T09:03:27","modified_gmt":"2023-06-19T07:03:27","slug":"el-inicio-de-curso-se-celebrara-el-30-de-septiembre","status":"publish","type":"post","link":"https:\/\/bizkeliza.org\/eu\/noticia\/el-inicio-de-curso-se-celebrara-el-30-de-septiembre\/","title":{"rendered":"Aurton, Markinan izango da kurtsoaren hasierako ekitaldia"},"content":{"rendered":"\n<p><p>Este a\u00f1o, la jornada conjunta con la que se inicia el curso oficialmente, se celebrar\u00e1 en Markina. Se trata de la primera ocasi\u00f3n, desde la primera edici\u00f3n del<a href=\"https:\/\/goazen.bizkeliza.org\/\" target=\"_blank\" rel=\"noreferrer noopener\"> Goazen! (2015-2016), <\/a> en la que el encuentro tend\u00e1 lugar fuera de Bilbao. Ese mismo fin de semana (30 de septiembre-1 de octubre) las parroquias y Caritas Bizkaia impulsar\u00e1n en uni\u00f3n el inicio del curso pastoral.<\/p><\/p>\n\n<p><p>El Consejo Episcopal ampliado <a href=\"https:\/\/bizkeliza.org\/eu\/noticia\/ultimo-consejo-episcopal-del-curso-en-berriz\/\" target=\"_blank\" rel=\"noreferrer noopener\">aprob\u00f3 la semana pasada <\/a>otras fechas importantes para el calendario de la Di\u00f3cesis. Se quiere acompasar esta programaci\u00f3n general con las acciones del Plan que se desarrollen en cada realidad eclesial.<\/p><\/p>\n\n<figure class=\"wp-block-image size-full\"><img decoding=\"async\" width=\"800\" height=\"600\" src=\"https:\/\/bizkeliza.org\/wp-content\/uploads\/Consejo-Episcopal-Ampliado-en-Berriz.jpg\" alt=\"Consejo Episcopal ampliado en Berriz\" class=\"wp-image-82872\" srcset=\"https:\/\/bizkeliza.org\/wp-content\/uploads\/Consejo-Episcopal-Ampliado-en-Berriz.jpg 800w, https:\/\/bizkeliza.org\/wp-content\/uploads\/Consejo-Episcopal-Ampliado-en-Berriz-480x360.jpg 480w\" sizes=\"(min-width: 0px) and (max-width: 480px) 480px, (min-width: 481px) 800px, 100vw\" \/><figcaption class=\"wp-element-caption\">Consejo Episcopal ampliado en Berriz<\/figcaption><\/figure>\n<p><p>Urriaren 8an, <strong>Diakonotzaren Eguna<\/strong> ospatuko da, Ministerio Ordenaturako Idazkaritzak antolatuta eta urriaren 22an, <strong>DOMUND<\/strong> eguna.<\/p><\/p>\n\n<p><p>Azaroaren 5ean, <strong>Gizakia Helbururi<\/strong> eskainitako eguna; azaroaren 10ean, <strong>Oroimenaren Eguna,<\/strong> Karidade eta Zuzentasunerako Ordezkaritzak (Bake eta Adiskidetzea) sustatuta; azaroaren 12an, <strong>Eleizbarrutiaren Eguna;<\/strong> azaroaren 19an, <strong>Pobreen Munduko Eguna.<\/strong><\/p><\/p>\n\n<p><p>Abenduaren 8an, <strong>Seminarioaren Eguna;<\/strong> 17an, <strong>Caritasen Gabonetako Kanpaina<\/strong> eta 31an, <strong>Familiaren Eguna.<\/strong><\/p><\/p>\n\n<figure class=\"wp-block-image aligncenter size-full is-resized\"><img decoding=\"async\" src=\"https:\/\/bizkeliza.org\/wp-content\/uploads\/Egutegia-2023.jpg\" alt=\"Jardunaldiak 2023\" class=\"wp-image-83691\" width=\"582\" height=\"1035\"\/><figcaption class=\"wp-element-caption\">Jardunaldiak 2023<\/figcaption><\/figure>\n<h3 class=\"wp-block-heading\">2024<\/h3>\n\n<figure class=\"wp-block-image aligncenter size-full\"><img decoding=\"async\" width=\"450\" height=\"800\" src=\"https:\/\/bizkeliza.org\/wp-content\/uploads\/Jornadas-2024-2.jpg\" alt=\"Jardunaldiak 2024\" class=\"wp-image-83935\" srcset=\"https:\/\/bizkeliza.org\/wp-content\/uploads\/Jornadas-2024-2.jpg 450w, https:\/\/bizkeliza.org\/wp-content\/uploads\/Jornadas-2024-2-169x300.jpg 169w\" sizes=\"(max-width: 450px) 100vw, 450px\" \/><figcaption class=\"wp-element-caption\">Jardunaldiak 2024<\/figcaption><\/figure>\n<p><p>2024.eko urtarrilaren 1ean, <strong>Bakearen aldeko Munduko Otoitz Eguna<\/strong> ospatuko da. Urtarrilaren 14an, <strong>Ume Misiolarien<\/strong> eguna eta 18tik 25era, <strong>Kristauen Batasunaren aldeko Otoitz Astea.<\/strong><\/p><\/p>\n\n<p><p>Otsailaren 2an, fraile eta monjek <strong>Biziera Sagaratuaren eguna<\/strong> ospatuko dabe. Otsailaren 11, <strong>Gaixoaren Munduko Eguna<\/strong> eta Esku Elkartuak erakundearen <strong>Gosearen aurkako Kanpaina<\/strong> (borondatezko baraua barikuz, otsailak 9) izango dira. Otsailaren 17-18ko asteburuan, <strong>Bake eta Adiskidetzearen aldeko Eguna<\/strong> ospatuko da.\u00a0<\/p><\/p>\n\n<p><p>Martxoaren 17an, <strong>Caritasen kanpaina<\/strong> egingo da. Martxoaren 19an, Bariku Santuz, <strong>leku santuen aldeko diru-batzea<\/strong> egingo da.<\/p><\/p>\n\n<p><p>Apirilaren 21ean <strong>Bokazinoen eta Sorterriko bokazinoen aldeko Munduko Otoitz Eguna<\/strong> ospatuko da, Fede-zabalkunde eta Katekesirako, Misinoetarako ordezkaritzek eta Bokazino Pastoraltzak antolatuta. Apirilaren 28an, <strong>Gizalegezko Lanaren aldeko Eleizbarrutiko IV. Eguna.<\/strong><\/p><\/p>\n\n<p><p>Maiatzaren 5ean ospatuko da <strong>Gaixoaren Pazkoa;<\/strong> maiatzaren 12an, <strong>Gizarte Komunikabideen Munduko Eguna;<\/strong> 19an, <strong>Ekintza Katolikoaren eta Laikoen Apostolutzaren Eguna<\/strong> (Mendekoste); 26an, <strong>Pro Orantibus<\/strong> klausurako ordenen eguna.<\/p><\/p>\n\n<p><p>Ekainaren 2an, <strong>Gorpuzti Eguna (Maitasunaren Eguna),<\/strong> eta kurtsoko azken jardunaldia, ekainaren 29an: S<strong>an Pedroren Oboloaren diru-bilketa.<\/strong><\/p><\/p>\n","protected":false},"excerpt":{"rendered":"<p>Este a\u00f1o, la jornada conjunta con la que se inicia el curso oficialmente, se celebrar\u00e1 en Markina. Se trata de la primera ocasi\u00f3n, desde la primera edici\u00f3n del Goazen! (2015-2016), en la que el encuentro tend\u00e1 lugar fuera de Bilbao. Ese mismo fin de semana (30 de septiembre-1 de octubre) las parroquias y Caritas Bizkaia [&hellip;]<\/p>\n","protected":false},"author":20,"featured_media":39746,"comment_status":"closed","ping_status":"closed","sticky":false,"template":"","format":"standard","meta":{"_acf_changed":false,"_et_pb_use_builder":"off","_et_pb_old_content":"","_et_gb_content_width":"","footnotes":""},"categories":[505,506],"tags":[618],"class_list":["post-83541","post","type-post","status-publish","format-standard","has-post-thumbnail","hentry","category-gotzaina","category-lehenengo-orrialdea","tag-goazen-eu"],"acf":[],"yoast_head":"<!-- This site is optimized with the Yoast SEO Premium plugin v27.5 (Yoast SEO v27.5) - https:\/\/yoast.com\/product\/yoast-seo-premium-wordpress\/ -->\n<title>Aurton, Markinan izango da kurtsoaren hasierako ekitaldia<\/title>\n<meta name=\"description\" content=\"Bikartiza guztiak batuko dituan &#039;Goazen1&#039; kurtso hasierako ekitaldia irailaren 30ean ospatuko da Markinan.\" \/>\n<meta name=\"robots\" content=\"index, follow, max-snippet:-1, max-image-preview:large, max-video-preview:-1\" \/>\n<link rel=\"canonical\" href=\"https:\/\/bizkeliza.org\/eu\/noticia\/el-inicio-de-curso-se-celebrara-el-30-de-septiembre\/\" \/>\n<meta property=\"og:locale\" content=\"eu_ES\" \/>\n<meta property=\"og:type\" content=\"article\" \/>\n<meta property=\"og:title\" content=\"Aurton, Markinan izango da kurtsoaren hasierako ekitaldia\" \/>\n<meta property=\"og:description\" content=\"Bikartiza guztiak batuko dituan &#039;Goazen1&#039; kurtso hasierako ekitaldia irailaren 30ean ospatuko da Markinan.\" \/>\n<meta property=\"og:url\" content=\"https:\/\/bizkeliza.org\/eu\/noticia\/el-inicio-de-curso-se-celebrara-el-30-de-septiembre\/\" \/>\n<meta property=\"og:site_name\" content=\"Bilboko Elizbarrutia - Di\u00f3cesis de Bilbao\" \/>\n<meta property=\"article:publisher\" content=\"https:\/\/www.facebook.com\/DiocesisBilbao\/\" \/>\n<meta property=\"article:published_time\" content=\"2023-06-19T04:00:00+00:00\" \/>\n<meta property=\"article:modified_time\" content=\"2023-06-19T07:03:27+00:00\" \/>\n<meta property=\"og:image\" content=\"https:\/\/bizkeliza.org\/wp-content\/uploads\/prueba_goazen_dest.png\" \/>\n\t<meta property=\"og:image:width\" content=\"500\" \/>\n\t<meta property=\"og:image:height\" content=\"298\" \/>\n\t<meta property=\"og:image:type\" content=\"image\/png\" \/>\n<meta name=\"author\" content=\"bkareaga\" \/>\n<meta name=\"twitter:card\" content=\"summary_large_image\" \/>\n<meta name=\"twitter:creator\" content=\"@DiocesisBilbao\" \/>\n<meta name=\"twitter:site\" content=\"@DiocesisBilbao\" \/>\n<script type=\"application\/ld+json\" class=\"yoast-schema-graph\">{\"@context\":\"https:\\\/\\\/schema.org\",\"@graph\":[{\"@type\":\"Article\",\"@id\":\"https:\\\/\\\/bizkeliza.org\\\/eu\\\/noticia\\\/el-inicio-de-curso-se-celebrara-el-30-de-septiembre\\\/#article\",\"isPartOf\":{\"@id\":\"https:\\\/\\\/bizkeliza.org\\\/eu\\\/noticia\\\/el-inicio-de-curso-se-celebrara-el-30-de-septiembre\\\/\"},\"author\":{\"name\":\"bkareaga\",\"@id\":\"https:\\\/\\\/bizkeliza.org\\\/eu\\\/#\\\/schema\\\/person\\\/1f27c53156256531056d48959c2f2008\"},\"headline\":\"Aurton, Markinan izango da kurtsoaren hasierako ekitaldia\",\"datePublished\":\"2023-06-19T04:00:00+00:00\",\"dateModified\":\"2023-06-19T07:03:27+00:00\",\"mainEntityOfPage\":{\"@id\":\"https:\\\/\\\/bizkeliza.org\\\/eu\\\/noticia\\\/el-inicio-de-curso-se-celebrara-el-30-de-septiembre\\\/\"},\"wordCount\":320,\"publisher\":{\"@id\":\"https:\\\/\\\/bizkeliza.org\\\/eu\\\/#organization\"},\"image\":{\"@id\":\"https:\\\/\\\/bizkeliza.org\\\/eu\\\/noticia\\\/el-inicio-de-curso-se-celebrara-el-30-de-septiembre\\\/#primaryimage\"},\"thumbnailUrl\":\"https:\\\/\\\/bizkeliza.org\\\/wp-content\\\/uploads\\\/prueba_goazen_dest.png\",\"keywords\":[\"Goazen\"],\"articleSection\":[\"Gotzaina\",\"Lehenengo Orrialdea\"],\"inLanguage\":\"eu-ES\"},{\"@type\":\"WebPage\",\"@id\":\"https:\\\/\\\/bizkeliza.org\\\/eu\\\/noticia\\\/el-inicio-de-curso-se-celebrara-el-30-de-septiembre\\\/\",\"url\":\"https:\\\/\\\/bizkeliza.org\\\/eu\\\/noticia\\\/el-inicio-de-curso-se-celebrara-el-30-de-septiembre\\\/\",\"name\":\"Aurton, Markinan izango da kurtsoaren hasierako ekitaldia\",\"isPartOf\":{\"@id\":\"https:\\\/\\\/bizkeliza.org\\\/eu\\\/#website\"},\"primaryImageOfPage\":{\"@id\":\"https:\\\/\\\/bizkeliza.org\\\/eu\\\/noticia\\\/el-inicio-de-curso-se-celebrara-el-30-de-septiembre\\\/#primaryimage\"},\"image\":{\"@id\":\"https:\\\/\\\/bizkeliza.org\\\/eu\\\/noticia\\\/el-inicio-de-curso-se-celebrara-el-30-de-septiembre\\\/#primaryimage\"},\"thumbnailUrl\":\"https:\\\/\\\/bizkeliza.org\\\/wp-content\\\/uploads\\\/prueba_goazen_dest.png\",\"datePublished\":\"2023-06-19T04:00:00+00:00\",\"dateModified\":\"2023-06-19T07:03:27+00:00\",\"description\":\"Bikartiza guztiak batuko dituan 'Goazen1' kurtso hasierako ekitaldia irailaren 30ean ospatuko da Markinan.\",\"breadcrumb\":{\"@id\":\"https:\\\/\\\/bizkeliza.org\\\/eu\\\/noticia\\\/el-inicio-de-curso-se-celebrara-el-30-de-septiembre\\\/#breadcrumb\"},\"inLanguage\":\"eu-ES\",\"potentialAction\":[{\"@type\":\"ReadAction\",\"target\":[\"https:\\\/\\\/bizkeliza.org\\\/eu\\\/noticia\\\/el-inicio-de-curso-se-celebrara-el-30-de-septiembre\\\/\"]}]},{\"@type\":\"ImageObject\",\"inLanguage\":\"eu-ES\",\"@id\":\"https:\\\/\\\/bizkeliza.org\\\/eu\\\/noticia\\\/el-inicio-de-curso-se-celebrara-el-30-de-septiembre\\\/#primaryimage\",\"url\":\"https:\\\/\\\/bizkeliza.org\\\/wp-content\\\/uploads\\\/prueba_goazen_dest.png\",\"contentUrl\":\"https:\\\/\\\/bizkeliza.org\\\/wp-content\\\/uploads\\\/prueba_goazen_dest.png\",\"width\":500,\"height\":298},{\"@type\":\"BreadcrumbList\",\"@id\":\"https:\\\/\\\/bizkeliza.org\\\/eu\\\/noticia\\\/el-inicio-de-curso-se-celebrara-el-30-de-septiembre\\\/#breadcrumb\",\"itemListElement\":[{\"@type\":\"ListItem\",\"position\":1,\"name\":\"Portada\",\"item\":\"https:\\\/\\\/bizkeliza.org\\\/eu\\\/\"},{\"@type\":\"ListItem\",\"position\":2,\"name\":\"Aurton, Markinan izango da kurtsoaren hasierako ekitaldia\"}]},{\"@type\":\"WebSite\",\"@id\":\"https:\\\/\\\/bizkeliza.org\\\/eu\\\/#website\",\"url\":\"https:\\\/\\\/bizkeliza.org\\\/eu\\\/\",\"name\":\"Bilboko Elizbarrutia - Di\u00f3cesis de Bilbao\",\"description\":\"Di\u00f3cesis de Bilbao\",\"publisher\":{\"@id\":\"https:\\\/\\\/bizkeliza.org\\\/eu\\\/#organization\"},\"alternateName\":\"Di\u00f3cesis de Bilbao\",\"potentialAction\":[{\"@type\":\"SearchAction\",\"target\":{\"@type\":\"EntryPoint\",\"urlTemplate\":\"https:\\\/\\\/bizkeliza.org\\\/eu\\\/?s={search_term_string}\"},\"query-input\":{\"@type\":\"PropertyValueSpecification\",\"valueRequired\":true,\"valueName\":\"search_term_string\"}}],\"inLanguage\":\"eu-ES\"},{\"@type\":\"Organization\",\"@id\":\"https:\\\/\\\/bizkeliza.org\\\/eu\\\/#organization\",\"name\":\"Di\u00f3cesis de Bilbao\",\"alternateName\":\"Di\u00f3cesis de Bilbao\",\"url\":\"https:\\\/\\\/bizkeliza.org\\\/eu\\\/\",\"logo\":{\"@type\":\"ImageObject\",\"inLanguage\":\"eu-ES\",\"@id\":\"https:\\\/\\\/bizkeliza.org\\\/eu\\\/#\\\/schema\\\/logo\\\/image\\\/\",\"url\":\"https:\\\/\\\/bizkeliza.org\\\/wp-content\\\/uploads\\\/2022\\\/06\\\/Logo-nuevo_2024-1-scaled.jpg\",\"contentUrl\":\"https:\\\/\\\/bizkeliza.org\\\/wp-content\\\/uploads\\\/2022\\\/06\\\/Logo-nuevo_2024-1-scaled.jpg\",\"width\":2560,\"height\":1024,\"caption\":\"Di\u00f3cesis de Bilbao\"},\"image\":{\"@id\":\"https:\\\/\\\/bizkeliza.org\\\/eu\\\/#\\\/schema\\\/logo\\\/image\\\/\"},\"sameAs\":[\"https:\\\/\\\/www.facebook.com\\\/DiocesisBilbao\\\/\",\"https:\\\/\\\/x.com\\\/DiocesisBilbao\",\"https:\\\/\\\/www.instagram.com\\\/obispadobilbao\\\/\",\"https:\\\/\\\/www.youtube.com\\\/user\\\/bilbokoelizbarrutia\"],\"description\":\"Iglesia local de Bilbao perteneciente a la Iglesia Cat\u00f3lica\"},{\"@type\":\"Person\",\"@id\":\"https:\\\/\\\/bizkeliza.org\\\/eu\\\/#\\\/schema\\\/person\\\/1f27c53156256531056d48959c2f2008\",\"name\":\"bkareaga\"}]}<\/script>\n<!-- \/ Yoast SEO Premium plugin. -->","yoast_head_json":{"title":"Aurton, Markinan izango da kurtsoaren hasierako ekitaldia","description":"Bikartiza guztiak batuko dituan 'Goazen1' kurtso hasierako ekitaldia irailaren 30ean ospatuko da Markinan.","robots":{"index":"index","follow":"follow","max-snippet":"max-snippet:-1","max-image-preview":"max-image-preview:large","max-video-preview":"max-video-preview:-1"},"canonical":"https:\/\/bizkeliza.org\/eu\/noticia\/el-inicio-de-curso-se-celebrara-el-30-de-septiembre\/","og_locale":"eu_ES","og_type":"article","og_title":"Aurton, Markinan izango da kurtsoaren hasierako ekitaldia","og_description":"Bikartiza guztiak batuko dituan 'Goazen1' kurtso hasierako ekitaldia irailaren 30ean ospatuko da Markinan.","og_url":"https:\/\/bizkeliza.org\/eu\/noticia\/el-inicio-de-curso-se-celebrara-el-30-de-septiembre\/","og_site_name":"Bilboko Elizbarrutia - Di\u00f3cesis de Bilbao","article_publisher":"https:\/\/www.facebook.com\/DiocesisBilbao\/","article_published_time":"2023-06-19T04:00:00+00:00","article_modified_time":"2023-06-19T07:03:27+00:00","og_image":[{"width":500,"height":298,"url":"https:\/\/bizkeliza.org\/wp-content\/uploads\/prueba_goazen_dest.png","type":"image\/png"}],"author":"bkareaga","twitter_card":"summary_large_image","twitter_creator":"@DiocesisBilbao","twitter_site":"@DiocesisBilbao","schema":{"@context":"https:\/\/schema.org","@graph":[{"@type":"Article","@id":"https:\/\/bizkeliza.org\/eu\/noticia\/el-inicio-de-curso-se-celebrara-el-30-de-septiembre\/#article","isPartOf":{"@id":"https:\/\/bizkeliza.org\/eu\/noticia\/el-inicio-de-curso-se-celebrara-el-30-de-septiembre\/"},"author":{"name":"bkareaga","@id":"https:\/\/bizkeliza.org\/eu\/#\/schema\/person\/1f27c53156256531056d48959c2f2008"},"headline":"Aurton, Markinan izango da kurtsoaren hasierako ekitaldia","datePublished":"2023-06-19T04:00:00+00:00","dateModified":"2023-06-19T07:03:27+00:00","mainEntityOfPage":{"@id":"https:\/\/bizkeliza.org\/eu\/noticia\/el-inicio-de-curso-se-celebrara-el-30-de-septiembre\/"},"wordCount":320,"publisher":{"@id":"https:\/\/bizkeliza.org\/eu\/#organization"},"image":{"@id":"https:\/\/bizkeliza.org\/eu\/noticia\/el-inicio-de-curso-se-celebrara-el-30-de-septiembre\/#primaryimage"},"thumbnailUrl":"https:\/\/bizkeliza.org\/wp-content\/uploads\/prueba_goazen_dest.png","keywords":["Goazen"],"articleSection":["Gotzaina","Lehenengo Orrialdea"],"inLanguage":"eu-ES"},{"@type":"WebPage","@id":"https:\/\/bizkeliza.org\/eu\/noticia\/el-inicio-de-curso-se-celebrara-el-30-de-septiembre\/","url":"https:\/\/bizkeliza.org\/eu\/noticia\/el-inicio-de-curso-se-celebrara-el-30-de-septiembre\/","name":"Aurton, Markinan izango da kurtsoaren hasierako ekitaldia","isPartOf":{"@id":"https:\/\/bizkeliza.org\/eu\/#website"},"primaryImageOfPage":{"@id":"https:\/\/bizkeliza.org\/eu\/noticia\/el-inicio-de-curso-se-celebrara-el-30-de-septiembre\/#primaryimage"},"image":{"@id":"https:\/\/bizkeliza.org\/eu\/noticia\/el-inicio-de-curso-se-celebrara-el-30-de-septiembre\/#primaryimage"},"thumbnailUrl":"https:\/\/bizkeliza.org\/wp-content\/uploads\/prueba_goazen_dest.png","datePublished":"2023-06-19T04:00:00+00:00","dateModified":"2023-06-19T07:03:27+00:00","description":"Bikartiza guztiak batuko dituan 'Goazen1' kurtso hasierako ekitaldia irailaren 30ean ospatuko da Markinan.","breadcrumb":{"@id":"https:\/\/bizkeliza.org\/eu\/noticia\/el-inicio-de-curso-se-celebrara-el-30-de-septiembre\/#breadcrumb"},"inLanguage":"eu-ES","potentialAction":[{"@type":"ReadAction","target":["https:\/\/bizkeliza.org\/eu\/noticia\/el-inicio-de-curso-se-celebrara-el-30-de-septiembre\/"]}]},{"@type":"ImageObject","inLanguage":"eu-ES","@id":"https:\/\/bizkeliza.org\/eu\/noticia\/el-inicio-de-curso-se-celebrara-el-30-de-septiembre\/#primaryimage","url":"https:\/\/bizkeliza.org\/wp-content\/uploads\/prueba_goazen_dest.png","contentUrl":"https:\/\/bizkeliza.org\/wp-content\/uploads\/prueba_goazen_dest.png","width":500,"height":298},{"@type":"BreadcrumbList","@id":"https:\/\/bizkeliza.org\/eu\/noticia\/el-inicio-de-curso-se-celebrara-el-30-de-septiembre\/#breadcrumb","itemListElement":[{"@type":"ListItem","position":1,"name":"Portada","item":"https:\/\/bizkeliza.org\/eu\/"},{"@type":"ListItem","position":2,"name":"Aurton, Markinan izango da kurtsoaren hasierako ekitaldia"}]},{"@type":"WebSite","@id":"https:\/\/bizkeliza.org\/eu\/#website","url":"https:\/\/bizkeliza.org\/eu\/","name":"Bilboko Elizbarrutia - Di\u00f3cesis de Bilbao","description":"Di\u00f3cesis de Bilbao","publisher":{"@id":"https:\/\/bizkeliza.org\/eu\/#organization"},"alternateName":"Di\u00f3cesis de Bilbao","potentialAction":[{"@type":"SearchAction","target":{"@type":"EntryPoint","urlTemplate":"https:\/\/bizkeliza.org\/eu\/?s={search_term_string}"},"query-input":{"@type":"PropertyValueSpecification","valueRequired":true,"valueName":"search_term_string"}}],"inLanguage":"eu-ES"},{"@type":"Organization","@id":"https:\/\/bizkeliza.org\/eu\/#organization","name":"Di\u00f3cesis de Bilbao","alternateName":"Di\u00f3cesis de Bilbao","url":"https:\/\/bizkeliza.org\/eu\/","logo":{"@type":"ImageObject","inLanguage":"eu-ES","@id":"https:\/\/bizkeliza.org\/eu\/#\/schema\/logo\/image\/","url":"https:\/\/bizkeliza.org\/wp-content\/uploads\/2022\/06\/Logo-nuevo_2024-1-scaled.jpg","contentUrl":"https:\/\/bizkeliza.org\/wp-content\/uploads\/2022\/06\/Logo-nuevo_2024-1-scaled.jpg","width":2560,"height":1024,"caption":"Di\u00f3cesis de Bilbao"},"image":{"@id":"https:\/\/bizkeliza.org\/eu\/#\/schema\/logo\/image\/"},"sameAs":["https:\/\/www.facebook.com\/DiocesisBilbao\/","https:\/\/x.com\/DiocesisBilbao","https:\/\/www.instagram.com\/obispadobilbao\/","https:\/\/www.youtube.com\/user\/bilbokoelizbarrutia"],"description":"Iglesia local de Bilbao perteneciente a la Iglesia Cat\u00f3lica"},{"@type":"Person","@id":"https:\/\/bizkeliza.org\/eu\/#\/schema\/person\/1f27c53156256531056d48959c2f2008","name":"bkareaga"}]}},"jetpack_featured_media_url":"https:\/\/bizkeliza.org\/wp-content\/uploads\/prueba_goazen_dest.png","_links":{"self":[{"href":"https:\/\/bizkeliza.org\/eu\/wp-json\/wp\/v2\/posts\/83541","targetHints":{"allow":["GET"]}}],"collection":[{"href":"https:\/\/bizkeliza.org\/eu\/wp-json\/wp\/v2\/posts"}],"about":[{"href":"https:\/\/bizkeliza.org\/eu\/wp-json\/wp\/v2\/types\/post"}],"author":[{"embeddable":true,"href":"https:\/\/bizkeliza.org\/eu\/wp-json\/wp\/v2\/users\/20"}],"replies":[{"embeddable":true,"href":"https:\/\/bizkeliza.org\/eu\/wp-json\/wp\/v2\/comments?post=83541"}],"version-history":[{"count":0,"href":"https:\/\/bizkeliza.org\/eu\/wp-json\/wp\/v2\/posts\/83541\/revisions"}],"wp:featuredmedia":[{"embeddable":true,"href":"https:\/\/bizkeliza.org\/eu\/wp-json\/wp\/v2\/media\/39746"}],"wp:attachment":[{"href":"https:\/\/bizkeliza.org\/eu\/wp-json\/wp\/v2\/media?parent=83541"}],"wp:term":[{"taxonomy":"category","embeddable":true,"href":"https:\/\/bizkeliza.org\/eu\/wp-json\/wp\/v2\/categories?post=83541"},{"taxonomy":"post_tag","embeddable":true,"href":"https:\/\/bizkeliza.org\/eu\/wp-json\/wp\/v2\/tags?post=83541"}],"curies":[{"name":"wp","href":"https:\/\/api.w.org\/{rel}","templated":true}]}}