{"id":88111,"date":"2023-07-04T06:00:00","date_gmt":"2023-07-04T04:00:00","guid":{"rendered":"https:\/\/bizkeliza.org\/?p=88111"},"modified":"2023-07-06T09:21:14","modified_gmt":"2023-07-06T07:21:14","slug":"el-religioso-de-mendata-jose-angel-aguirre-regresa-a-africa","status":"publish","type":"post","link":"https:\/\/bizkeliza.org\/eu\/noticia\/el-religioso-de-mendata-jose-angel-aguirre-regresa-a-africa\/","title":{"rendered":"Jose Angel Agirre Mendatako frailea Afrikara bueltatuko da"},"content":{"rendered":"\n<h3 class=\"wp-block-heading\">Zein izan da zure misino-ibilbidea?<\/h3>\n\n<p><p><strong>Sierra Leonak<\/strong> bizi izan neban nire lehenengo misino-esperientzia eta 10 urtez egon nintzan bertan. Gero, <strong>Txadera<\/strong> bialdu ninduen 2001etik 2006ra. Beranduago <strong>Parmara<\/strong> (Italia) joateko eskatu eusten fraile anai gaixo eta nagusiak zaintzera. Hareen zerbitzura egon naz azken urteetan eta, baitartean, terapia okupazionalean hezi naz. Gaixorik egon eta hil barri dan ama urte biz zaindu ondoren, Kamerunera noa. <a href=\"https:\/\/www.javerianos.org\/conocenos\/donde-estamos\/africa\/camerun\" target=\"_blank\" rel=\"noreferrer noopener\">Yaunden, <\/a>uriburuan, fraile ordenatzeko hezitzen diharduen teologia-ikasleen etxea dogu. Eurakaz bizi izango naz eta parrokian bertako abadeari lagunduko deutsat.<\/p><\/p>\n\n<h3 class=\"wp-block-heading\">Ze egperatan bizi dira Kameruneko herritarrak?<\/h3>\n\n<p>Herrialde oso aberatsa da eta eguraldiak be asko laguntzen dau. Ekonomiaren oinarria, nekazaritza da eta basoek be aukera ugari emoten dabe. Halanda be, herritarren bizi-maila oso bacua da. Kamerun eta Txad lotzen dituan oliobideak kalte handia ekarri deusez lekuko herriei. Uriburuan eta landa-eremuetan bizimodua guztiz desbardina da. Gure alkartea kanpoaldeetan dago, etorkin asko bizi dan lekuan. Han, behartsuenei arreta eskaintzen deutsen bost mila alkarte inguru dogu.<\/p>\n\n<h3 class=\"wp-block-heading\">Eta nagusi dan fedea?<\/h3>\n\n<p>Kamerundar gehienak, kristauak dira. Txaden, gehienak musulmanak dira, baina hango parrokia, topagune da eta familia ugari batzen da. Bizi asko dauan lekua da, kultur etxe baten antzekoa. Leku haretan, euren nortasuna sendotu egiten da. <\/p>\n\n<h3 class=\"wp-block-heading\">Zerikusirik ez gureagaz<\/h3>\n\n<p>Benetan. Txaden, esate baterako, urtean 300 ume bateatzen neban. Baina hemen beste era batera ulertu behar dogu Eleiza, egoera beste bat da-eta. Laikotzak protagonismo gehiago hartu behar dau. Gatxa egiten jaku ohituraz aldatzea, baina egokitu eta gauzak beste era batera egin behar doguz. <\/p>\n\n<h3 class=\"wp-block-heading\">Pozik?<\/h3>\n\n<p>Oso pozik. Moldatzen naz frantsesagaz eta ahalik eta laguntza onena emoten saiatuko naz. Hirurogeta bost urte ditut,sasoi onean nago eta Afrikan jarraitu gura dot osasunak laguntzen deustan arte.<\/p>\n\n<figure class=\"wp-block-image size-large\"><img decoding=\"async\" width=\"768\" height=\"1024\" src=\"https:\/\/bizkeliza.org\/wp-content\/uploads\/\/Jose-Angel-Chaden-768x1024.jpg\" alt=\"Jose Angel Agirre Txaden\" class=\"wp-image-87987\" srcset=\"https:\/\/bizkeliza.org\/wp-content\/uploads\/Jose-Angel-Chaden-768x1024.jpg 768w, https:\/\/bizkeliza.org\/wp-content\/uploads\/Jose-Angel-Chaden-225x300.jpg 225w, https:\/\/bizkeliza.org\/wp-content\/uploads\/Jose-Angel-Chaden-300x400.jpg 300w, https:\/\/bizkeliza.org\/wp-content\/uploads\/Jose-Angel-Chaden-1152x1536.jpg 1152w, https:\/\/bizkeliza.org\/wp-content\/uploads\/Jose-Angel-Chaden-1080x1440.jpg 1080w, https:\/\/bizkeliza.org\/wp-content\/uploads\/Jose-Angel-Chaden-980x1307.jpg 980w, https:\/\/bizkeliza.org\/wp-content\/uploads\/Jose-Angel-Chaden-480x640.jpg 480w, https:\/\/bizkeliza.org\/wp-content\/uploads\/Jose-Angel-Chaden.jpg 1200w\" sizes=\"(max-width: 768px) 100vw, 768px\" \/><figcaption class=\"wp-element-caption\">Jose Angel Txaden<\/figcaption><\/figure>","protected":false},"excerpt":{"rendered":"<p>Zein izan da zure misino-ibilbidea? Sierra Leonak bizi izan neban nire lehenengo misino-esperientzia eta 10 urtez egon nintzan bertan. Gero, Txadera bialdu ninduen 2001etik 2006ra. Beranduago Parmara (Italia) joateko eskatu eusten fraile anai gaixo eta nagusiak zaintzera. Hareen zerbitzura egon naz azken urteetan eta, baitartean, terapia okupazionalean hezi naz. Gaixorik egon eta hil barri dan [&hellip;]<\/p>\n","protected":false},"author":19,"featured_media":87984,"comment_status":"closed","ping_status":"closed","sticky":false,"template":"","format":"standard","meta":{"_acf_changed":false,"_et_pb_use_builder":"off","_et_pb_old_content":"","_et_gb_content_width":"","footnotes":""},"categories":[506,504],"tags":[511,685],"class_list":["post-88111","post","type-post","status-publish","format-standard","has-post-thumbnail","hentry","category-lehenengo-orrialdea","category-misinoak","tag-afrika","tag-fraileak"],"acf":[],"yoast_head":"<!-- This site is optimized with the Yoast SEO Premium plugin v27.2 (Yoast SEO v27.2) - https:\/\/yoast.com\/product\/yoast-seo-premium-wordpress\/ -->\n<title>Jose Angel Agirre Mendatako frailea Afrikara bueltatuko da<\/title>\n<meta name=\"description\" content=\"Jose Angel Agirre jaberiar frailea Txadeko (Afrika) misinora bueltatuko da, Mendata jaioterrian ama zaintzen egon ondoren\" \/>\n<meta name=\"robots\" content=\"index, follow, max-snippet:-1, max-image-preview:large, max-video-preview:-1\" \/>\n<link rel=\"canonical\" href=\"https:\/\/bizkeliza.org\/eu\/noticia\/el-religioso-de-mendata-jose-angel-aguirre-regresa-a-africa\/\" \/>\n<meta property=\"og:locale\" content=\"eu_ES\" \/>\n<meta property=\"og:type\" content=\"article\" \/>\n<meta property=\"og:title\" content=\"Jose Angel Agirre Mendatako frailea Afrikara bueltatuko da\" \/>\n<meta property=\"og:description\" content=\"Jose Angel Agirre jaberiar frailea Txadeko (Afrika) misinora bueltatuko da, Mendata jaioterrian ama zaintzen egon ondoren\" \/>\n<meta property=\"og:url\" content=\"https:\/\/bizkeliza.org\/eu\/noticia\/el-religioso-de-mendata-jose-angel-aguirre-regresa-a-africa\/\" \/>\n<meta property=\"og:site_name\" content=\"Bilboko Elizbarrutia - Di\u00f3cesis de Bilbao\" \/>\n<meta property=\"article:publisher\" content=\"https:\/\/www.facebook.com\/DiocesisBilbao\/\" \/>\n<meta property=\"article:published_time\" content=\"2023-07-04T04:00:00+00:00\" \/>\n<meta property=\"article:modified_time\" content=\"2023-07-06T07:21:14+00:00\" \/>\n<meta property=\"og:image\" content=\"https:\/\/bizkeliza.org\/wp-content\/uploads\/Jose-Angel-2.jpg\" \/>\n\t<meta property=\"og:image:width\" content=\"800\" \/>\n\t<meta property=\"og:image:height\" content=\"600\" \/>\n\t<meta property=\"og:image:type\" content=\"image\/jpeg\" \/>\n<meta name=\"author\" content=\"dalberdi\" \/>\n<meta name=\"twitter:card\" content=\"summary_large_image\" \/>\n<meta name=\"twitter:creator\" content=\"@DiocesisBilbao\" \/>\n<meta name=\"twitter:site\" content=\"@DiocesisBilbao\" \/>\n<script type=\"application\/ld+json\" class=\"yoast-schema-graph\">{\"@context\":\"https:\/\/schema.org\",\"@graph\":[{\"@type\":\"Article\",\"@id\":\"https:\/\/bizkeliza.org\/eu\/noticia\/el-religioso-de-mendata-jose-angel-aguirre-regresa-a-africa\/#article\",\"isPartOf\":{\"@id\":\"https:\/\/bizkeliza.org\/eu\/noticia\/el-religioso-de-mendata-jose-angel-aguirre-regresa-a-africa\/\"},\"author\":{\"name\":\"dalberdi\",\"@id\":\"https:\/\/bizkeliza.org\/eu\/#\/schema\/person\/acc5e302cb1997bd56026a6980544228\"},\"headline\":\"Jose Angel Agirre Mendatako frailea Afrikara bueltatuko da\",\"datePublished\":\"2023-07-04T04:00:00+00:00\",\"dateModified\":\"2023-07-06T07:21:14+00:00\",\"mainEntityOfPage\":{\"@id\":\"https:\/\/bizkeliza.org\/eu\/noticia\/el-religioso-de-mendata-jose-angel-aguirre-regresa-a-africa\/\"},\"wordCount\":276,\"publisher\":{\"@id\":\"https:\/\/bizkeliza.org\/eu\/#organization\"},\"image\":{\"@id\":\"https:\/\/bizkeliza.org\/eu\/noticia\/el-religioso-de-mendata-jose-angel-aguirre-regresa-a-africa\/#primaryimage\"},\"thumbnailUrl\":\"https:\/\/bizkeliza.org\/wp-content\/uploads\/Jose-Angel-2.jpg\",\"keywords\":[\"Afrika\",\"Fraileak eta monjak\"],\"articleSection\":[\"Lehenengo Orrialdea\",\"Misinoak\"],\"inLanguage\":\"eu-ES\"},{\"@type\":\"WebPage\",\"@id\":\"https:\/\/bizkeliza.org\/eu\/noticia\/el-religioso-de-mendata-jose-angel-aguirre-regresa-a-africa\/\",\"url\":\"https:\/\/bizkeliza.org\/eu\/noticia\/el-religioso-de-mendata-jose-angel-aguirre-regresa-a-africa\/\",\"name\":\"Jose Angel Agirre Mendatako frailea Afrikara bueltatuko da\",\"isPartOf\":{\"@id\":\"https:\/\/bizkeliza.org\/eu\/#website\"},\"primaryImageOfPage\":{\"@id\":\"https:\/\/bizkeliza.org\/eu\/noticia\/el-religioso-de-mendata-jose-angel-aguirre-regresa-a-africa\/#primaryimage\"},\"image\":{\"@id\":\"https:\/\/bizkeliza.org\/eu\/noticia\/el-religioso-de-mendata-jose-angel-aguirre-regresa-a-africa\/#primaryimage\"},\"thumbnailUrl\":\"https:\/\/bizkeliza.org\/wp-content\/uploads\/Jose-Angel-2.jpg\",\"datePublished\":\"2023-07-04T04:00:00+00:00\",\"dateModified\":\"2023-07-06T07:21:14+00:00\",\"description\":\"Jose Angel Agirre jaberiar frailea Txadeko (Afrika) misinora bueltatuko da, Mendata jaioterrian ama zaintzen egon ondoren\",\"breadcrumb\":{\"@id\":\"https:\/\/bizkeliza.org\/eu\/noticia\/el-religioso-de-mendata-jose-angel-aguirre-regresa-a-africa\/#breadcrumb\"},\"inLanguage\":\"eu-ES\",\"potentialAction\":[{\"@type\":\"ReadAction\",\"target\":[\"https:\/\/bizkeliza.org\/eu\/noticia\/el-religioso-de-mendata-jose-angel-aguirre-regresa-a-africa\/\"]}]},{\"@type\":\"ImageObject\",\"inLanguage\":\"eu-ES\",\"@id\":\"https:\/\/bizkeliza.org\/eu\/noticia\/el-religioso-de-mendata-jose-angel-aguirre-regresa-a-africa\/#primaryimage\",\"url\":\"https:\/\/bizkeliza.org\/wp-content\/uploads\/Jose-Angel-2.jpg\",\"contentUrl\":\"https:\/\/bizkeliza.org\/wp-content\/uploads\/Jose-Angel-2.jpg\",\"width\":800,\"height\":600,\"caption\":\"Jos\u00e9 \u00c1ngel Aguirre en el p\u00f3rtico de la iglesia Santo Tom\u00e1s de Arratzu\"},{\"@type\":\"BreadcrumbList\",\"@id\":\"https:\/\/bizkeliza.org\/eu\/noticia\/el-religioso-de-mendata-jose-angel-aguirre-regresa-a-africa\/#breadcrumb\",\"itemListElement\":[{\"@type\":\"ListItem\",\"position\":1,\"name\":\"Portada\",\"item\":\"https:\/\/bizkeliza.org\/eu\/\"},{\"@type\":\"ListItem\",\"position\":2,\"name\":\"Jose Angel Agirre Mendatako frailea Afrikara bueltatuko da\"}]},{\"@type\":\"WebSite\",\"@id\":\"https:\/\/bizkeliza.org\/eu\/#website\",\"url\":\"https:\/\/bizkeliza.org\/eu\/\",\"name\":\"Bilboko Elizbarrutia - Di\u00f3cesis de Bilbao\",\"description\":\"Di\u00f3cesis de Bilbao\",\"publisher\":{\"@id\":\"https:\/\/bizkeliza.org\/eu\/#organization\"},\"alternateName\":\"Di\u00f3cesis de Bilbao\",\"potentialAction\":[{\"@type\":\"SearchAction\",\"target\":{\"@type\":\"EntryPoint\",\"urlTemplate\":\"https:\/\/bizkeliza.org\/eu\/?s={search_term_string}\"},\"query-input\":{\"@type\":\"PropertyValueSpecification\",\"valueRequired\":true,\"valueName\":\"search_term_string\"}}],\"inLanguage\":\"eu-ES\"},{\"@type\":\"Organization\",\"@id\":\"https:\/\/bizkeliza.org\/eu\/#organization\",\"name\":\"Di\u00f3cesis de Bilbao\",\"alternateName\":\"Di\u00f3cesis de Bilbao\",\"url\":\"https:\/\/bizkeliza.org\/eu\/\",\"logo\":{\"@type\":\"ImageObject\",\"inLanguage\":\"eu-ES\",\"@id\":\"https:\/\/bizkeliza.org\/eu\/#\/schema\/logo\/image\/\",\"url\":\"https:\/\/bizkeliza.org\/wp-content\/uploads\/2022\/06\/Logo-nuevo_2024-1-scaled.jpg\",\"contentUrl\":\"https:\/\/bizkeliza.org\/wp-content\/uploads\/2022\/06\/Logo-nuevo_2024-1-scaled.jpg\",\"width\":2560,\"height\":1024,\"caption\":\"Di\u00f3cesis de Bilbao\"},\"image\":{\"@id\":\"https:\/\/bizkeliza.org\/eu\/#\/schema\/logo\/image\/\"},\"sameAs\":[\"https:\/\/www.facebook.com\/DiocesisBilbao\/\",\"https:\/\/x.com\/DiocesisBilbao\",\"https:\/\/www.instagram.com\/obispadobilbao\/\",\"https:\/\/www.youtube.com\/user\/bilbokoelizbarrutia\"],\"description\":\"Iglesia local de Bilbao perteneciente a la Iglesia Cat\u00f3lica\"},{\"@type\":\"Person\",\"@id\":\"https:\/\/bizkeliza.org\/eu\/#\/schema\/person\/acc5e302cb1997bd56026a6980544228\",\"name\":\"dalberdi\"}]}<\/script>\n<!-- \/ Yoast SEO Premium plugin. -->","yoast_head_json":{"title":"Jose Angel Agirre Mendatako frailea Afrikara bueltatuko da","description":"Jose Angel Agirre jaberiar frailea Txadeko (Afrika) misinora bueltatuko da, Mendata jaioterrian ama zaintzen egon ondoren","robots":{"index":"index","follow":"follow","max-snippet":"max-snippet:-1","max-image-preview":"max-image-preview:large","max-video-preview":"max-video-preview:-1"},"canonical":"https:\/\/bizkeliza.org\/eu\/noticia\/el-religioso-de-mendata-jose-angel-aguirre-regresa-a-africa\/","og_locale":"eu_ES","og_type":"article","og_title":"Jose Angel Agirre Mendatako frailea Afrikara bueltatuko da","og_description":"Jose Angel Agirre jaberiar frailea Txadeko (Afrika) misinora bueltatuko da, Mendata jaioterrian ama zaintzen egon ondoren","og_url":"https:\/\/bizkeliza.org\/eu\/noticia\/el-religioso-de-mendata-jose-angel-aguirre-regresa-a-africa\/","og_site_name":"Bilboko Elizbarrutia - Di\u00f3cesis de Bilbao","article_publisher":"https:\/\/www.facebook.com\/DiocesisBilbao\/","article_published_time":"2023-07-04T04:00:00+00:00","article_modified_time":"2023-07-06T07:21:14+00:00","og_image":[{"width":800,"height":600,"url":"https:\/\/bizkeliza.org\/wp-content\/uploads\/Jose-Angel-2.jpg","type":"image\/jpeg"}],"author":"dalberdi","twitter_card":"summary_large_image","twitter_creator":"@DiocesisBilbao","twitter_site":"@DiocesisBilbao","schema":{"@context":"https:\/\/schema.org","@graph":[{"@type":"Article","@id":"https:\/\/bizkeliza.org\/eu\/noticia\/el-religioso-de-mendata-jose-angel-aguirre-regresa-a-africa\/#article","isPartOf":{"@id":"https:\/\/bizkeliza.org\/eu\/noticia\/el-religioso-de-mendata-jose-angel-aguirre-regresa-a-africa\/"},"author":{"name":"dalberdi","@id":"https:\/\/bizkeliza.org\/eu\/#\/schema\/person\/acc5e302cb1997bd56026a6980544228"},"headline":"Jose Angel Agirre Mendatako frailea Afrikara bueltatuko da","datePublished":"2023-07-04T04:00:00+00:00","dateModified":"2023-07-06T07:21:14+00:00","mainEntityOfPage":{"@id":"https:\/\/bizkeliza.org\/eu\/noticia\/el-religioso-de-mendata-jose-angel-aguirre-regresa-a-africa\/"},"wordCount":276,"publisher":{"@id":"https:\/\/bizkeliza.org\/eu\/#organization"},"image":{"@id":"https:\/\/bizkeliza.org\/eu\/noticia\/el-religioso-de-mendata-jose-angel-aguirre-regresa-a-africa\/#primaryimage"},"thumbnailUrl":"https:\/\/bizkeliza.org\/wp-content\/uploads\/Jose-Angel-2.jpg","keywords":["Afrika","Fraileak eta monjak"],"articleSection":["Lehenengo Orrialdea","Misinoak"],"inLanguage":"eu-ES"},{"@type":"WebPage","@id":"https:\/\/bizkeliza.org\/eu\/noticia\/el-religioso-de-mendata-jose-angel-aguirre-regresa-a-africa\/","url":"https:\/\/bizkeliza.org\/eu\/noticia\/el-religioso-de-mendata-jose-angel-aguirre-regresa-a-africa\/","name":"Jose Angel Agirre Mendatako frailea Afrikara bueltatuko da","isPartOf":{"@id":"https:\/\/bizkeliza.org\/eu\/#website"},"primaryImageOfPage":{"@id":"https:\/\/bizkeliza.org\/eu\/noticia\/el-religioso-de-mendata-jose-angel-aguirre-regresa-a-africa\/#primaryimage"},"image":{"@id":"https:\/\/bizkeliza.org\/eu\/noticia\/el-religioso-de-mendata-jose-angel-aguirre-regresa-a-africa\/#primaryimage"},"thumbnailUrl":"https:\/\/bizkeliza.org\/wp-content\/uploads\/Jose-Angel-2.jpg","datePublished":"2023-07-04T04:00:00+00:00","dateModified":"2023-07-06T07:21:14+00:00","description":"Jose Angel Agirre jaberiar frailea Txadeko (Afrika) misinora bueltatuko da, Mendata jaioterrian ama zaintzen egon ondoren","breadcrumb":{"@id":"https:\/\/bizkeliza.org\/eu\/noticia\/el-religioso-de-mendata-jose-angel-aguirre-regresa-a-africa\/#breadcrumb"},"inLanguage":"eu-ES","potentialAction":[{"@type":"ReadAction","target":["https:\/\/bizkeliza.org\/eu\/noticia\/el-religioso-de-mendata-jose-angel-aguirre-regresa-a-africa\/"]}]},{"@type":"ImageObject","inLanguage":"eu-ES","@id":"https:\/\/bizkeliza.org\/eu\/noticia\/el-religioso-de-mendata-jose-angel-aguirre-regresa-a-africa\/#primaryimage","url":"https:\/\/bizkeliza.org\/wp-content\/uploads\/Jose-Angel-2.jpg","contentUrl":"https:\/\/bizkeliza.org\/wp-content\/uploads\/Jose-Angel-2.jpg","width":800,"height":600,"caption":"Jos\u00e9 \u00c1ngel Aguirre en el p\u00f3rtico de la iglesia Santo Tom\u00e1s de Arratzu"},{"@type":"BreadcrumbList","@id":"https:\/\/bizkeliza.org\/eu\/noticia\/el-religioso-de-mendata-jose-angel-aguirre-regresa-a-africa\/#breadcrumb","itemListElement":[{"@type":"ListItem","position":1,"name":"Portada","item":"https:\/\/bizkeliza.org\/eu\/"},{"@type":"ListItem","position":2,"name":"Jose Angel Agirre Mendatako frailea Afrikara bueltatuko da"}]},{"@type":"WebSite","@id":"https:\/\/bizkeliza.org\/eu\/#website","url":"https:\/\/bizkeliza.org\/eu\/","name":"Bilboko Elizbarrutia - Di\u00f3cesis de Bilbao","description":"Di\u00f3cesis de Bilbao","publisher":{"@id":"https:\/\/bizkeliza.org\/eu\/#organization"},"alternateName":"Di\u00f3cesis de Bilbao","potentialAction":[{"@type":"SearchAction","target":{"@type":"EntryPoint","urlTemplate":"https:\/\/bizkeliza.org\/eu\/?s={search_term_string}"},"query-input":{"@type":"PropertyValueSpecification","valueRequired":true,"valueName":"search_term_string"}}],"inLanguage":"eu-ES"},{"@type":"Organization","@id":"https:\/\/bizkeliza.org\/eu\/#organization","name":"Di\u00f3cesis de Bilbao","alternateName":"Di\u00f3cesis de Bilbao","url":"https:\/\/bizkeliza.org\/eu\/","logo":{"@type":"ImageObject","inLanguage":"eu-ES","@id":"https:\/\/bizkeliza.org\/eu\/#\/schema\/logo\/image\/","url":"https:\/\/bizkeliza.org\/wp-content\/uploads\/2022\/06\/Logo-nuevo_2024-1-scaled.jpg","contentUrl":"https:\/\/bizkeliza.org\/wp-content\/uploads\/2022\/06\/Logo-nuevo_2024-1-scaled.jpg","width":2560,"height":1024,"caption":"Di\u00f3cesis de Bilbao"},"image":{"@id":"https:\/\/bizkeliza.org\/eu\/#\/schema\/logo\/image\/"},"sameAs":["https:\/\/www.facebook.com\/DiocesisBilbao\/","https:\/\/x.com\/DiocesisBilbao","https:\/\/www.instagram.com\/obispadobilbao\/","https:\/\/www.youtube.com\/user\/bilbokoelizbarrutia"],"description":"Iglesia local de Bilbao perteneciente a la Iglesia Cat\u00f3lica"},{"@type":"Person","@id":"https:\/\/bizkeliza.org\/eu\/#\/schema\/person\/acc5e302cb1997bd56026a6980544228","name":"dalberdi"}]}},"jetpack_featured_media_url":"https:\/\/bizkeliza.org\/wp-content\/uploads\/Jose-Angel-2.jpg","_links":{"self":[{"href":"https:\/\/bizkeliza.org\/eu\/wp-json\/wp\/v2\/posts\/88111","targetHints":{"allow":["GET"]}}],"collection":[{"href":"https:\/\/bizkeliza.org\/eu\/wp-json\/wp\/v2\/posts"}],"about":[{"href":"https:\/\/bizkeliza.org\/eu\/wp-json\/wp\/v2\/types\/post"}],"author":[{"embeddable":true,"href":"https:\/\/bizkeliza.org\/eu\/wp-json\/wp\/v2\/users\/19"}],"replies":[{"embeddable":true,"href":"https:\/\/bizkeliza.org\/eu\/wp-json\/wp\/v2\/comments?post=88111"}],"version-history":[{"count":0,"href":"https:\/\/bizkeliza.org\/eu\/wp-json\/wp\/v2\/posts\/88111\/revisions"}],"wp:featuredmedia":[{"embeddable":true,"href":"https:\/\/bizkeliza.org\/eu\/wp-json\/wp\/v2\/media\/87984"}],"wp:attachment":[{"href":"https:\/\/bizkeliza.org\/eu\/wp-json\/wp\/v2\/media?parent=88111"}],"wp:term":[{"taxonomy":"category","embeddable":true,"href":"https:\/\/bizkeliza.org\/eu\/wp-json\/wp\/v2\/categories?post=88111"},{"taxonomy":"post_tag","embeddable":true,"href":"https:\/\/bizkeliza.org\/eu\/wp-json\/wp\/v2\/tags?post=88111"}],"curies":[{"name":"wp","href":"https:\/\/api.w.org\/{rel}","templated":true}]}}