{"id":88378,"date":"2023-07-05T06:00:00","date_gmt":"2023-07-05T04:00:00","guid":{"rendered":"https:\/\/bizkeliza.org\/noticia\/elorrio-despide-a-jaione-lopez-entre-aplausos\/"},"modified":"2023-07-05T11:50:19","modified_gmt":"2023-07-05T09:50:19","slug":"elorrio-despide-a-jaione-lopez-entre-aplausos","status":"publish","type":"post","link":"https:\/\/bizkeliza.org\/eu\/noticia\/elorrio-despide-a-jaione-lopez-entre-aplausos\/","title":{"rendered":"Elorriok txaloz agurtu dau Jaione Lopez"},"content":{"rendered":"\n<p>Egun berezia izan zan atzokoa misinoetako familiarentzat eta Santa Ana monasterioko monja domingotarrentzat. Erroskilak egin eta egin ibili ziran, gero eleizpean saltzeko, makina bat pertsonen gozamenerako. San Balendinen tarta be eskatu eutsen baten batek eta hainbat lagun hurreratu zan goizean zehar enkarguak jasotera. Goizeko 10:00etan ospatu eben Eukaristia, I\u00f1aki Jauregi parrokoa buru zala eta, beranduago, gotzainaren bisita jaso eben.<\/p>\n\n<figure class=\"wp-block-embed aligncenter is-type-rich is-provider-twitter wp-block-embed-twitter\"><div class=\"wp-block-embed__wrapper\">\r\n<blockquote class=\"twitter-tweet\" data-width=\"550\" data-dnt=\"true\"><p lang=\"es\" dir=\"ltr\">\ud83d\udcccBilboko gotzaina Elorrioko Santa Ana komentuan. <br>\ud83d\udcccEl obispo de Bilbao visita a las monjas dominicas de Elorrio, en el d\u00eda de San Valent\u00edn de Berriotxoa. <a href=\"https:\/\/t.co\/6Zl70hy6lG\">pic.twitter.com\/6Zl70hy6lG<\/a><\/p>&mdash; Bilboko Elizbarrutia (@DiocesisBilbao) <a href=\"https:\/\/twitter.com\/DiocesisBilbao\/status\/1676157639040876545?ref_src=twsrc%5Etfw\">July 4, 2023<\/a><\/blockquote><script async src=\"https:\/\/platform.twitter.com\/widgets.js\" charset=\"utf-8\"><\/script>\r\n<\/div><\/figure>\r\n\n<p><p>Gotzainak ordubete inguru emon eban monjakaz solasean. Kongoko Errepublika Demokratikora egin dauan bidaiaren inguruko zehaztasunak emon eutsezan, afrikar herrialdean fedea bizitzeko era\u00a0<em>&#8220;guztiz desbardina&#8221;\u00a0<\/em>dabela nabarmenduz.\u00a0<strong>Xabier Goikuria\u00a0<\/strong>bizkaitar misiolariaren lanaz eta han garatzen diharduan egitasmoez hitz egin eutsen. Bokazinoen, misinoak gaur egun dauan zentzuaz&#8230;, jardun eben. Ez zan txantxarik falta izan eta zintzotasunez eta errespetuz betetako tartea izan zan.<\/p><\/p>\n\n<h3 class=\"wp-block-heading\">Ospakizuna<\/h3>\n\n<p><p>Eukaristian, Alex Alonso lurralde bikarioa, Eleizbarrutiko hainbat abade eta domingotar fraile batzuk -bat FIlipinetakoa, <strong>Jaione Lopez<\/strong> misiolari doan herrialdekoa- izan ziran. Asiako herrialdean jardungo dau urte biz, <a href=\"https:\/\/www.mmb-esp.net\/\" target=\"_blank\" rel=\"noreferrer noopener\">Berrizeko Mesedetako Misiolarien<\/a> egitasmo baten lagunduz.<\/p><\/p>\n\n<p><p>Eukaristiaren amaieran egin zan misino-bialketa. Elorriotar gaztea leku nabarmenean egon zan ospakizun osoan. Amaieran, bihotz-bihotzetiko berbak zuzendu eutsazan alkarteari,\u00a0<em>&#8220;behartsuenei zerbitzatzeko&#8221;\u00a0<\/em>asmoa aitatuz.\u00a0<\/p><\/p>\n\n<figure class=\"wp-block-embed is-type-rich is-provider-twitter wp-block-embed-twitter\"><div class=\"wp-block-embed__wrapper\">\r\n<blockquote class=\"twitter-tweet\" data-width=\"550\" data-dnt=\"true\"><p lang=\"es\" dir=\"ltr\">\ud83d\udcccPalabras de la elorriotarra Jaione L\u00f3pez que pr\u00f3ximamente seguir\u00e1 los pasos de San Valent\u00edn de Berriotxoa en Filipinas <a href=\"https:\/\/t.co\/V6gdiCm11d\">pic.twitter.com\/V6gdiCm11d<\/a><\/p>&mdash; Bilboko Elizbarrutia (@DiocesisBilbao) <a href=\"https:\/\/twitter.com\/DiocesisBilbao\/status\/1676206679828967425?ref_src=twsrc%5Etfw\">July 4, 2023<\/a><\/blockquote><script async src=\"https:\/\/platform.twitter.com\/widgets.js\" charset=\"utf-8\"><\/script>\r\n<\/div><\/figure>\r\n\n<p>Jaionen berben ostean, alkarteak txalo-zaparrada eskaini eutsan<\/p>\n\n<figure class=\"wp-block-embed is-type-rich is-provider-twitter wp-block-embed-twitter\"><div class=\"wp-block-embed__wrapper\">\r\n<blockquote class=\"twitter-tweet\" data-width=\"550\" data-dnt=\"true\"><p lang=\"eu\" dir=\"ltr\">\ud83d\udcccElorrioko alkarteak txalo artean hartu dau Jsioneren bialketa <a href=\"https:\/\/t.co\/PJij0d7gY3\">pic.twitter.com\/PJij0d7gY3<\/a><\/p>&mdash; Bilboko Elizbarrutia (@DiocesisBilbao) <a href=\"https:\/\/twitter.com\/DiocesisBilbao\/status\/1676203909637914624?ref_src=twsrc%5Etfw\">July 4, 2023<\/a><\/blockquote><script async src=\"https:\/\/platform.twitter.com\/widgets.js\" charset=\"utf-8\"><\/script>\r\n<\/div><\/figure>\r\n\n<h3 class=\"wp-block-heading\">Homilia<\/h3>\n\n<p><p>Bilboko gotzainak, misinoa San Balendinen garaian eta gaur egun ulertzeko era aitatu eban. Lehen,\u00a0<em>&#8220;gaur egun gitxik daukien ustea&#8221;<\/em> egoan<em>.\u00a0<\/em>Ideia berean sakondu eban,\u00a0<em>&#8220;gaur, askok, alde batera itzi dau gure nagusien fedea&#8221;\u00a0<\/em>eta gaur egungo fedea\u00a0<em>&#8220;makalagoa&#8221;\u00a0<\/em>da esanez. Nork bere burua oso-osorik emoteko gaitasunetik\u00a0<em>&#8220;mugatuago eta baldintzatuago&#8221;\u00a0<\/em>dan gaitasunera igaro gara. Gaur eta hemen,\u00a0<em>&#8220;Elorrion eta Bizkaian&#8221;,\u00a0<\/em>misinoak dauan garrantzia nabarmendu eban. Honen haritik adierazo ebanez, misinoa ez da\u00a0<em>&#8220;irakasten dabenena, ikasten\u00a0 eta bizia banatzen jarraitu gura dabenena baino&#8221;:\u00a0<\/em>Horren haritik, Kongoko Errepublika Demokratikoan bizi barri dauan esperientzia azpiamarratu eban:\u00a0<em>&#8220;gure Xabier Goikuriak gauza asko egiten jarraitzen du, gauza garrantzitsu asko, baina lekuko protagonismoa errespetatuz&#8221;.<\/em><\/p><\/p>\n\n<figure class=\"wp-block-embed is-type-rich is-provider-twitter wp-block-embed-twitter\"><div class=\"wp-block-embed__wrapper\">\r\n<blockquote class=\"twitter-tweet\" data-width=\"550\" data-dnt=\"true\"><p lang=\"ca\" dir=\"ltr\">\ud83d\udcccGotzainaren homiliaren zati bat Elorrion<br>\ud83d\udcccEl obispo de Bilbao en la homil\u00eda del d\u00eda de San Valent\u00edn de Berriotxoa <a href=\"https:\/\/twitter.com\/hashtag\/Elorrio?src=hash&amp;ref_src=twsrc%5Etfw\">#Elorrio<\/a> <a href=\"https:\/\/t.co\/ou5HMTTPK5\">pic.twitter.com\/ou5HMTTPK5<\/a><\/p>&mdash; Bilboko Elizbarrutia (@DiocesisBilbao) <a href=\"https:\/\/twitter.com\/DiocesisBilbao\/status\/1676203784840650754?ref_src=twsrc%5Etfw\">July 4, 2023<\/a><\/blockquote><script async src=\"https:\/\/platform.twitter.com\/widgets.js\" charset=\"utf-8\"><\/script>\r\n<\/div><\/figure>\r\n\n<blockquote class=\"wp-block-quote is-layout-flow wp-block-quote-is-layout-flow\">\n<p class=\"has-text-align-center\"><strong>Misinoa adi egotea, entzutea, ikastea eta alkar banatzea da.<\/strong><\/p>\n\n\n\n<p class=\"has-text-align-center\"><strong>Misinoa premina dagoan lekuetara bihotzak eraldatzeko moduko mezua eroatea da.<\/strong><\/p>\n\n\n\n<p class=\"has-text-align-center\"><strong>Misinoa, itxaropen printzak zabaltzea da.<\/strong><\/p>\n\n\n\n<p class=\"has-text-align-center\"><strong>Beraz, misinoa kanpoan ez eze, hemen berton be, Elorrixon eta Bizkaian, funtsezkoa da.<\/strong><\/p>\n\n\n\n<p class=\"has-text-align-center\"><strong>Barri ona ez dago inoiz sobran.<\/strong><\/p>\n<cite>On Joseba Segura<\/cite><\/blockquote>\n\n<p><\/p>\n","protected":false},"excerpt":{"rendered":"<p>Egun berezia izan zan atzokoa misinoetako familiarentzat eta Santa Ana monasterioko monja domingotarrentzat. Erroskilak egin eta egin ibili ziran, gero eleizpean saltzeko, makina bat pertsonen gozamenerako. San Balendinen tarta be eskatu eutsen baten batek eta hainbat lagun hurreratu zan goizean zehar enkarguak jasotera. Goizeko 10:00etan ospatu eben Eukaristia, I\u00f1aki Jauregi parrokoa buru zala eta, beranduago, [&hellip;]<\/p>\n","protected":false},"author":19,"featured_media":88296,"comment_status":"closed","ping_status":"closed","sticky":false,"template":"","format":"standard","meta":{"_acf_changed":false,"_et_pb_use_builder":"off","_et_pb_old_content":"","_et_gb_content_width":"","footnotes":""},"categories":[505,506,504],"tags":[],"class_list":["post-88378","post","type-post","status-publish","format-standard","has-post-thumbnail","hentry","category-gotzaina","category-lehenengo-orrialdea","category-misinoak"],"acf":[],"yoast_head":"<!-- This site is optimized with the Yoast SEO Premium plugin v27.2 (Yoast SEO v27.2) - https:\/\/yoast.com\/product\/yoast-seo-premium-wordpress\/ -->\n<title>Elorriok txaloz agurtu dau Jaione Lopez<\/title>\n<meta name=\"description\" content=\"Elorrioko fededunen alkarteak txaloz agurtu eban atzo, San Balendin Egunez, Jaione Lopez, basilikan ospatu zan eleizkizunean\" \/>\n<meta name=\"robots\" content=\"index, follow, max-snippet:-1, max-image-preview:large, max-video-preview:-1\" \/>\n<link rel=\"canonical\" href=\"https:\/\/bizkeliza.org\/eu\/noticia\/elorrio-despide-a-jaione-lopez-entre-aplausos\/\" \/>\n<meta property=\"og:locale\" content=\"eu_ES\" \/>\n<meta property=\"og:type\" content=\"article\" \/>\n<meta property=\"og:title\" content=\"Elorriok txaloz agurtu dau Jaione Lopez\" \/>\n<meta property=\"og:description\" content=\"Elorrioko fededunen alkarteak txaloz agurtu eban atzo, San Balendin Egunez, Jaione Lopez, basilikan ospatu zan eleizkizunean\" \/>\n<meta property=\"og:url\" content=\"https:\/\/bizkeliza.org\/eu\/noticia\/elorrio-despide-a-jaione-lopez-entre-aplausos\/\" \/>\n<meta property=\"og:site_name\" content=\"Bilboko Elizbarrutia - Di\u00f3cesis de Bilbao\" \/>\n<meta property=\"article:publisher\" content=\"https:\/\/www.facebook.com\/DiocesisBilbao\/\" \/>\n<meta property=\"article:published_time\" content=\"2023-07-05T04:00:00+00:00\" \/>\n<meta property=\"article:modified_time\" content=\"2023-07-05T09:50:19+00:00\" \/>\n<meta property=\"og:image\" content=\"https:\/\/bizkeliza.org\/wp-content\/uploads\/Jaione-Lopez1.jpg\" \/>\n\t<meta property=\"og:image:width\" content=\"800\" \/>\n\t<meta property=\"og:image:height\" content=\"600\" \/>\n\t<meta property=\"og:image:type\" content=\"image\/jpeg\" \/>\n<meta name=\"author\" content=\"dalberdi\" \/>\n<meta name=\"twitter:card\" content=\"summary_large_image\" \/>\n<meta name=\"twitter:creator\" content=\"@DiocesisBilbao\" \/>\n<meta name=\"twitter:site\" content=\"@DiocesisBilbao\" \/>\n<script type=\"application\/ld+json\" class=\"yoast-schema-graph\">{\"@context\":\"https:\/\/schema.org\",\"@graph\":[{\"@type\":\"Article\",\"@id\":\"https:\/\/bizkeliza.org\/eu\/noticia\/elorrio-despide-a-jaione-lopez-entre-aplausos\/#article\",\"isPartOf\":{\"@id\":\"https:\/\/bizkeliza.org\/eu\/noticia\/elorrio-despide-a-jaione-lopez-entre-aplausos\/\"},\"author\":{\"name\":\"dalberdi\",\"@id\":\"https:\/\/bizkeliza.org\/eu\/#\/schema\/person\/acc5e302cb1997bd56026a6980544228\"},\"headline\":\"Elorriok txaloz agurtu dau Jaione Lopez\",\"datePublished\":\"2023-07-05T04:00:00+00:00\",\"dateModified\":\"2023-07-05T09:50:19+00:00\",\"mainEntityOfPage\":{\"@id\":\"https:\/\/bizkeliza.org\/eu\/noticia\/elorrio-despide-a-jaione-lopez-entre-aplausos\/\"},\"wordCount\":368,\"publisher\":{\"@id\":\"https:\/\/bizkeliza.org\/eu\/#organization\"},\"image\":{\"@id\":\"https:\/\/bizkeliza.org\/eu\/noticia\/elorrio-despide-a-jaione-lopez-entre-aplausos\/#primaryimage\"},\"thumbnailUrl\":\"https:\/\/bizkeliza.org\/wp-content\/uploads\/Jaione-Lopez1.jpg\",\"articleSection\":[\"Gotzaina\",\"Lehenengo Orrialdea\",\"Misinoak\"],\"inLanguage\":\"eu-ES\"},{\"@type\":\"WebPage\",\"@id\":\"https:\/\/bizkeliza.org\/eu\/noticia\/elorrio-despide-a-jaione-lopez-entre-aplausos\/\",\"url\":\"https:\/\/bizkeliza.org\/eu\/noticia\/elorrio-despide-a-jaione-lopez-entre-aplausos\/\",\"name\":\"Elorriok txaloz agurtu dau Jaione Lopez\",\"isPartOf\":{\"@id\":\"https:\/\/bizkeliza.org\/eu\/#website\"},\"primaryImageOfPage\":{\"@id\":\"https:\/\/bizkeliza.org\/eu\/noticia\/elorrio-despide-a-jaione-lopez-entre-aplausos\/#primaryimage\"},\"image\":{\"@id\":\"https:\/\/bizkeliza.org\/eu\/noticia\/elorrio-despide-a-jaione-lopez-entre-aplausos\/#primaryimage\"},\"thumbnailUrl\":\"https:\/\/bizkeliza.org\/wp-content\/uploads\/Jaione-Lopez1.jpg\",\"datePublished\":\"2023-07-05T04:00:00+00:00\",\"dateModified\":\"2023-07-05T09:50:19+00:00\",\"description\":\"Elorrioko fededunen alkarteak txaloz agurtu eban atzo, San Balendin Egunez, Jaione Lopez, basilikan ospatu zan eleizkizunean\",\"breadcrumb\":{\"@id\":\"https:\/\/bizkeliza.org\/eu\/noticia\/elorrio-despide-a-jaione-lopez-entre-aplausos\/#breadcrumb\"},\"inLanguage\":\"eu-ES\",\"potentialAction\":[{\"@type\":\"ReadAction\",\"target\":[\"https:\/\/bizkeliza.org\/eu\/noticia\/elorrio-despide-a-jaione-lopez-entre-aplausos\/\"]}]},{\"@type\":\"ImageObject\",\"inLanguage\":\"eu-ES\",\"@id\":\"https:\/\/bizkeliza.org\/eu\/noticia\/elorrio-despide-a-jaione-lopez-entre-aplausos\/#primaryimage\",\"url\":\"https:\/\/bizkeliza.org\/wp-content\/uploads\/Jaione-Lopez1.jpg\",\"contentUrl\":\"https:\/\/bizkeliza.org\/wp-content\/uploads\/Jaione-Lopez1.jpg\",\"width\":800,\"height\":600,\"caption\":\"Jaione L\u00f3pez recibiendo el aplauso de la comunidad tras escuchar sus palabras\"},{\"@type\":\"BreadcrumbList\",\"@id\":\"https:\/\/bizkeliza.org\/eu\/noticia\/elorrio-despide-a-jaione-lopez-entre-aplausos\/#breadcrumb\",\"itemListElement\":[{\"@type\":\"ListItem\",\"position\":1,\"name\":\"Portada\",\"item\":\"https:\/\/bizkeliza.org\/eu\/\"},{\"@type\":\"ListItem\",\"position\":2,\"name\":\"Elorriok txaloz agurtu dau Jaione Lopez\"}]},{\"@type\":\"WebSite\",\"@id\":\"https:\/\/bizkeliza.org\/eu\/#website\",\"url\":\"https:\/\/bizkeliza.org\/eu\/\",\"name\":\"Bilboko Elizbarrutia - Di\u00f3cesis de Bilbao\",\"description\":\"Di\u00f3cesis de Bilbao\",\"publisher\":{\"@id\":\"https:\/\/bizkeliza.org\/eu\/#organization\"},\"alternateName\":\"Di\u00f3cesis de Bilbao\",\"potentialAction\":[{\"@type\":\"SearchAction\",\"target\":{\"@type\":\"EntryPoint\",\"urlTemplate\":\"https:\/\/bizkeliza.org\/eu\/?s={search_term_string}\"},\"query-input\":{\"@type\":\"PropertyValueSpecification\",\"valueRequired\":true,\"valueName\":\"search_term_string\"}}],\"inLanguage\":\"eu-ES\"},{\"@type\":\"Organization\",\"@id\":\"https:\/\/bizkeliza.org\/eu\/#organization\",\"name\":\"Di\u00f3cesis de Bilbao\",\"alternateName\":\"Di\u00f3cesis de Bilbao\",\"url\":\"https:\/\/bizkeliza.org\/eu\/\",\"logo\":{\"@type\":\"ImageObject\",\"inLanguage\":\"eu-ES\",\"@id\":\"https:\/\/bizkeliza.org\/eu\/#\/schema\/logo\/image\/\",\"url\":\"https:\/\/bizkeliza.org\/wp-content\/uploads\/2022\/06\/Logo-nuevo_2024-1-scaled.jpg\",\"contentUrl\":\"https:\/\/bizkeliza.org\/wp-content\/uploads\/2022\/06\/Logo-nuevo_2024-1-scaled.jpg\",\"width\":2560,\"height\":1024,\"caption\":\"Di\u00f3cesis de Bilbao\"},\"image\":{\"@id\":\"https:\/\/bizkeliza.org\/eu\/#\/schema\/logo\/image\/\"},\"sameAs\":[\"https:\/\/www.facebook.com\/DiocesisBilbao\/\",\"https:\/\/x.com\/DiocesisBilbao\",\"https:\/\/www.instagram.com\/obispadobilbao\/\",\"https:\/\/www.youtube.com\/user\/bilbokoelizbarrutia\"],\"description\":\"Iglesia local de Bilbao perteneciente a la Iglesia Cat\u00f3lica\"},{\"@type\":\"Person\",\"@id\":\"https:\/\/bizkeliza.org\/eu\/#\/schema\/person\/acc5e302cb1997bd56026a6980544228\",\"name\":\"dalberdi\"}]}<\/script>\n<!-- \/ Yoast SEO Premium plugin. -->","yoast_head_json":{"title":"Elorriok txaloz agurtu dau Jaione Lopez","description":"Elorrioko fededunen alkarteak txaloz agurtu eban atzo, San Balendin Egunez, Jaione Lopez, basilikan ospatu zan eleizkizunean","robots":{"index":"index","follow":"follow","max-snippet":"max-snippet:-1","max-image-preview":"max-image-preview:large","max-video-preview":"max-video-preview:-1"},"canonical":"https:\/\/bizkeliza.org\/eu\/noticia\/elorrio-despide-a-jaione-lopez-entre-aplausos\/","og_locale":"eu_ES","og_type":"article","og_title":"Elorriok txaloz agurtu dau Jaione Lopez","og_description":"Elorrioko fededunen alkarteak txaloz agurtu eban atzo, San Balendin Egunez, Jaione Lopez, basilikan ospatu zan eleizkizunean","og_url":"https:\/\/bizkeliza.org\/eu\/noticia\/elorrio-despide-a-jaione-lopez-entre-aplausos\/","og_site_name":"Bilboko Elizbarrutia - Di\u00f3cesis de Bilbao","article_publisher":"https:\/\/www.facebook.com\/DiocesisBilbao\/","article_published_time":"2023-07-05T04:00:00+00:00","article_modified_time":"2023-07-05T09:50:19+00:00","og_image":[{"width":800,"height":600,"url":"https:\/\/bizkeliza.org\/wp-content\/uploads\/Jaione-Lopez1.jpg","type":"image\/jpeg"}],"author":"dalberdi","twitter_card":"summary_large_image","twitter_creator":"@DiocesisBilbao","twitter_site":"@DiocesisBilbao","schema":{"@context":"https:\/\/schema.org","@graph":[{"@type":"Article","@id":"https:\/\/bizkeliza.org\/eu\/noticia\/elorrio-despide-a-jaione-lopez-entre-aplausos\/#article","isPartOf":{"@id":"https:\/\/bizkeliza.org\/eu\/noticia\/elorrio-despide-a-jaione-lopez-entre-aplausos\/"},"author":{"name":"dalberdi","@id":"https:\/\/bizkeliza.org\/eu\/#\/schema\/person\/acc5e302cb1997bd56026a6980544228"},"headline":"Elorriok txaloz agurtu dau Jaione Lopez","datePublished":"2023-07-05T04:00:00+00:00","dateModified":"2023-07-05T09:50:19+00:00","mainEntityOfPage":{"@id":"https:\/\/bizkeliza.org\/eu\/noticia\/elorrio-despide-a-jaione-lopez-entre-aplausos\/"},"wordCount":368,"publisher":{"@id":"https:\/\/bizkeliza.org\/eu\/#organization"},"image":{"@id":"https:\/\/bizkeliza.org\/eu\/noticia\/elorrio-despide-a-jaione-lopez-entre-aplausos\/#primaryimage"},"thumbnailUrl":"https:\/\/bizkeliza.org\/wp-content\/uploads\/Jaione-Lopez1.jpg","articleSection":["Gotzaina","Lehenengo Orrialdea","Misinoak"],"inLanguage":"eu-ES"},{"@type":"WebPage","@id":"https:\/\/bizkeliza.org\/eu\/noticia\/elorrio-despide-a-jaione-lopez-entre-aplausos\/","url":"https:\/\/bizkeliza.org\/eu\/noticia\/elorrio-despide-a-jaione-lopez-entre-aplausos\/","name":"Elorriok txaloz agurtu dau Jaione Lopez","isPartOf":{"@id":"https:\/\/bizkeliza.org\/eu\/#website"},"primaryImageOfPage":{"@id":"https:\/\/bizkeliza.org\/eu\/noticia\/elorrio-despide-a-jaione-lopez-entre-aplausos\/#primaryimage"},"image":{"@id":"https:\/\/bizkeliza.org\/eu\/noticia\/elorrio-despide-a-jaione-lopez-entre-aplausos\/#primaryimage"},"thumbnailUrl":"https:\/\/bizkeliza.org\/wp-content\/uploads\/Jaione-Lopez1.jpg","datePublished":"2023-07-05T04:00:00+00:00","dateModified":"2023-07-05T09:50:19+00:00","description":"Elorrioko fededunen alkarteak txaloz agurtu eban atzo, San Balendin Egunez, Jaione Lopez, basilikan ospatu zan eleizkizunean","breadcrumb":{"@id":"https:\/\/bizkeliza.org\/eu\/noticia\/elorrio-despide-a-jaione-lopez-entre-aplausos\/#breadcrumb"},"inLanguage":"eu-ES","potentialAction":[{"@type":"ReadAction","target":["https:\/\/bizkeliza.org\/eu\/noticia\/elorrio-despide-a-jaione-lopez-entre-aplausos\/"]}]},{"@type":"ImageObject","inLanguage":"eu-ES","@id":"https:\/\/bizkeliza.org\/eu\/noticia\/elorrio-despide-a-jaione-lopez-entre-aplausos\/#primaryimage","url":"https:\/\/bizkeliza.org\/wp-content\/uploads\/Jaione-Lopez1.jpg","contentUrl":"https:\/\/bizkeliza.org\/wp-content\/uploads\/Jaione-Lopez1.jpg","width":800,"height":600,"caption":"Jaione L\u00f3pez recibiendo el aplauso de la comunidad tras escuchar sus palabras"},{"@type":"BreadcrumbList","@id":"https:\/\/bizkeliza.org\/eu\/noticia\/elorrio-despide-a-jaione-lopez-entre-aplausos\/#breadcrumb","itemListElement":[{"@type":"ListItem","position":1,"name":"Portada","item":"https:\/\/bizkeliza.org\/eu\/"},{"@type":"ListItem","position":2,"name":"Elorriok txaloz agurtu dau Jaione Lopez"}]},{"@type":"WebSite","@id":"https:\/\/bizkeliza.org\/eu\/#website","url":"https:\/\/bizkeliza.org\/eu\/","name":"Bilboko Elizbarrutia - Di\u00f3cesis de Bilbao","description":"Di\u00f3cesis de Bilbao","publisher":{"@id":"https:\/\/bizkeliza.org\/eu\/#organization"},"alternateName":"Di\u00f3cesis de Bilbao","potentialAction":[{"@type":"SearchAction","target":{"@type":"EntryPoint","urlTemplate":"https:\/\/bizkeliza.org\/eu\/?s={search_term_string}"},"query-input":{"@type":"PropertyValueSpecification","valueRequired":true,"valueName":"search_term_string"}}],"inLanguage":"eu-ES"},{"@type":"Organization","@id":"https:\/\/bizkeliza.org\/eu\/#organization","name":"Di\u00f3cesis de Bilbao","alternateName":"Di\u00f3cesis de Bilbao","url":"https:\/\/bizkeliza.org\/eu\/","logo":{"@type":"ImageObject","inLanguage":"eu-ES","@id":"https:\/\/bizkeliza.org\/eu\/#\/schema\/logo\/image\/","url":"https:\/\/bizkeliza.org\/wp-content\/uploads\/2022\/06\/Logo-nuevo_2024-1-scaled.jpg","contentUrl":"https:\/\/bizkeliza.org\/wp-content\/uploads\/2022\/06\/Logo-nuevo_2024-1-scaled.jpg","width":2560,"height":1024,"caption":"Di\u00f3cesis de Bilbao"},"image":{"@id":"https:\/\/bizkeliza.org\/eu\/#\/schema\/logo\/image\/"},"sameAs":["https:\/\/www.facebook.com\/DiocesisBilbao\/","https:\/\/x.com\/DiocesisBilbao","https:\/\/www.instagram.com\/obispadobilbao\/","https:\/\/www.youtube.com\/user\/bilbokoelizbarrutia"],"description":"Iglesia local de Bilbao perteneciente a la Iglesia Cat\u00f3lica"},{"@type":"Person","@id":"https:\/\/bizkeliza.org\/eu\/#\/schema\/person\/acc5e302cb1997bd56026a6980544228","name":"dalberdi"}]}},"jetpack_featured_media_url":"https:\/\/bizkeliza.org\/wp-content\/uploads\/Jaione-Lopez1.jpg","_links":{"self":[{"href":"https:\/\/bizkeliza.org\/eu\/wp-json\/wp\/v2\/posts\/88378","targetHints":{"allow":["GET"]}}],"collection":[{"href":"https:\/\/bizkeliza.org\/eu\/wp-json\/wp\/v2\/posts"}],"about":[{"href":"https:\/\/bizkeliza.org\/eu\/wp-json\/wp\/v2\/types\/post"}],"author":[{"embeddable":true,"href":"https:\/\/bizkeliza.org\/eu\/wp-json\/wp\/v2\/users\/19"}],"replies":[{"embeddable":true,"href":"https:\/\/bizkeliza.org\/eu\/wp-json\/wp\/v2\/comments?post=88378"}],"version-history":[{"count":0,"href":"https:\/\/bizkeliza.org\/eu\/wp-json\/wp\/v2\/posts\/88378\/revisions"}],"wp:featuredmedia":[{"embeddable":true,"href":"https:\/\/bizkeliza.org\/eu\/wp-json\/wp\/v2\/media\/88296"}],"wp:attachment":[{"href":"https:\/\/bizkeliza.org\/eu\/wp-json\/wp\/v2\/media?parent=88378"}],"wp:term":[{"taxonomy":"category","embeddable":true,"href":"https:\/\/bizkeliza.org\/eu\/wp-json\/wp\/v2\/categories?post=88378"},{"taxonomy":"post_tag","embeddable":true,"href":"https:\/\/bizkeliza.org\/eu\/wp-json\/wp\/v2\/tags?post=88378"}],"curies":[{"name":"wp","href":"https:\/\/api.w.org\/{rel}","templated":true}]}}